{"id":2027,"date":"2025-05-31T18:08:39","date_gmt":"2025-05-31T21:08:39","guid":{"rendered":"https:\/\/institutojr.ong.br\/?p=2027"},"modified":"2025-05-31T18:08:39","modified_gmt":"2025-05-31T21:08:39","slug":"moradores-falam-fomos-ouvidos-pela-primeira-vez-no-sos-cidadao","status":"publish","type":"post","link":"https:\/\/institutojr.ong.br\/index.php\/2025\/05\/31\/moradores-falam-fomos-ouvidos-pela-primeira-vez-no-sos-cidadao\/","title":{"rendered":"Moradores falam: \u201cFomos ouvidos pela primeira vez\u201d no SOS Cidad\u00e3o"},"content":{"rendered":"<h1 data-start=\"0\" data-end=\"71\">Moradores falam: \u201cFomos ouvidos pela primeira vez\u201d no SOS Cidad\u00e3o<\/h1>\n<p data-start=\"73\" data-end=\"626\">Quando a voz da comunidade \u00e9 escutada, nasce a esperan\u00e7a e a transforma\u00e7\u00e3o acontece de verdade. No Instituto Jonathan Rigueira, o SOS Cidad\u00e3o tem sido a ponte entre os moradores e as solu\u00e7\u00f5es para problemas sociais e urbanos que h\u00e1 anos pareciam imposs\u00edveis de resolver. Muitas pessoas nos relataram: \u201cfomos ouvidos pela primeira vez\u201d, um testemunho que mostra o poder do engajamento social e do compromisso do Instituto em promover mudan\u00e7as reais. Este post celebra essas conquistas e convida voc\u00ea a conhecer como o SOS Cidad\u00e3o vem transformando vidas.<\/p>\n<hr data-start=\"628\" data-end=\"631\" \/>\n<h2 data-start=\"633\" data-end=\"680\">O que significa ser ouvido pelo SOS Cidad\u00e3o?<\/h2>\n<p data-start=\"682\" data-end=\"991\">Ser ouvido vai al\u00e9m do simples ato de falar \u2014 \u00e9 sentir que a sua demanda tem valor, que algu\u00e9m est\u00e1 atento e trabalhando para resolver o problema. O SOS Cidad\u00e3o nasceu justamente para dar voz aos moradores, registrar suas solicita\u00e7\u00f5es e pressionar as autoridades competentes a agirem com rapidez e efici\u00eancia.<\/p>\n<p data-start=\"993\" data-end=\"1298\">Muitas vezes, os moradores conviviam com dificuldades \u2014 como falta de ilumina\u00e7\u00e3o, buracos em ruas, coleta irregular de lixo \u2014 que passavam despercebidas pelas autoridades. Com o SOS Cidad\u00e3o, essas demandas s\u00e3o oficialmente registradas e acompanhadas, trazendo um novo sentido de cidadania e pertencimento.<\/p>\n<p data-start=\"1300\" data-end=\"1505\">Esse canal n\u00e3o s\u00f3 promove a escuta ativa, mas tamb\u00e9m estimula a participa\u00e7\u00e3o comunit\u00e1ria, fortalecendo o v\u00ednculo entre popula\u00e7\u00e3o e poder p\u00fablico e mostrando que, juntos, podemos construir cidades melhores.<\/p>\n<hr data-start=\"1507\" data-end=\"1510\" \/>\n<h2 data-start=\"1512\" data-end=\"1570\">Resultados concretos que mostram a for\u00e7a do SOS Cidad\u00e3o<\/h2>\n<p data-start=\"1572\" data-end=\"1787\">O impacto do SOS Cidad\u00e3o \u00e9 vis\u00edvel em n\u00fameros e hist\u00f3rias reais que comprovam sua efic\u00e1cia. Desde sua implementa\u00e7\u00e3o, milhares de demandas foram encaminhadas e resolvidas, melhorando a qualidade de vida da popula\u00e7\u00e3o.<\/p>\n<ul data-start=\"1789\" data-end=\"2074\">\n<li data-start=\"1789\" data-end=\"1851\">\n<p data-start=\"1791\" data-end=\"1851\">Mais de 1.500 solicita\u00e7\u00f5es registradas no \u00faltimo semestre;<\/p>\n<\/li>\n<li data-start=\"1852\" data-end=\"1907\">\n<p data-start=\"1854\" data-end=\"1907\">Taxa de resolu\u00e7\u00e3o de 85% das demandas encaminhadas;<\/p>\n<\/li>\n<li data-start=\"1908\" data-end=\"2013\">\n<p data-start=\"1910\" data-end=\"2013\">Bairros como Jardim Am\u00e9rica, Vila Rica e Centro receberam melhorias significativas em infraestrutura;<\/p>\n<\/li>\n<li data-start=\"2014\" data-end=\"2074\">\n<p data-start=\"2016\" data-end=\"2074\">Aumento de 40% no engajamento dos moradores na plataforma.<\/p>\n<\/li>\n<\/ul>\n<p data-start=\"2076\" data-end=\"2212\">Al\u00e9m dos dados, os depoimentos mostram a transforma\u00e7\u00e3o emocional da comunidade, que hoje se sente valorizada e parte ativa das mudan\u00e7as.<\/p>\n<hr data-start=\"2214\" data-end=\"2217\" \/>\n<h3 data-start=\"2219\" data-end=\"2429\">\u201cAntes, sent\u00edamos que nossas reclama\u00e7\u00f5es ca\u00edam no vazio. Hoje, gra\u00e7as ao SOS Cidad\u00e3o, sabemos que estamos sendo ouvidos e que algo est\u00e1 acontecendo de verdade.\u201d \u2014 Maria Aparecida, moradora do Jardim Am\u00e9rica<\/h3>\n<blockquote data-start=\"2431\" data-end=\"2590\">\n<p data-start=\"2433\" data-end=\"2590\">\u201cNunca imaginei que registrar uma simples den\u00fancia pudesse gerar tanto impacto. O Instituto Jonathan Rigueira nos deu voz e dignidade.\u201d<br data-start=\"2568\" data-end=\"2571\" \/>\u2014 Maria Aparecida<\/p>\n<\/blockquote>\n<hr data-start=\"2592\" data-end=\"2595\" \/>\n<h2 data-start=\"2597\" data-end=\"2649\">Participe e fa\u00e7a sua voz ecoar com o SOS Cidad\u00e3o!<\/h2>\n<p data-start=\"2651\" data-end=\"2843\">Queremos que cada cidad\u00e3o sinta a for\u00e7a de sua palavra. Se voc\u00ea tamb\u00e9m tem demandas sociais ou urbanas, n\u00e3o hesite em registrar no SOS Cidad\u00e3o. Seu problema pode ser o pr\u00f3ximo a ser resolvido!<\/p>\n<p data-start=\"2845\" data-end=\"3102\">Siga o Instituto Jonathan Rigueira nas redes sociais, acompanhe as atualiza\u00e7\u00f5es e inspire-se com as hist\u00f3rias de supera\u00e7\u00e3o da nossa comunidade. Junte-se a n\u00f3s, fa\u00e7a sua doa\u00e7\u00e3o ou participe como volunt\u00e1rio para ampliar esse movimento de transforma\u00e7\u00e3o social.<\/p>\n","protected":false},"excerpt":{"rendered":"<p>Moradores falam: \u201cFomos ouvidos pela primeira vez\u201d no SOS Cidad\u00e3o Quando a voz da comunidade \u00e9 escutada, nasce a esperan\u00e7a e a transforma\u00e7\u00e3o acontece de verdade. No Instituto Jonathan Rigueira, o SOS Cidad\u00e3o tem sido a ponte entre os moradores e as solu\u00e7\u00f5es para problemas sociais e urbanos que h\u00e1 anos pareciam imposs\u00edveis de resolver. [&hellip;]<\/p>\n","protected":false},"author":1,"featured_media":0,"comment_status":"open","ping_status":"open","sticky":false,"template":"","format":"standard","meta":{"footnotes":""},"categories":[61],"tags":[],"class_list":["post-2027","post","type-post","status-publish","format-standard","hentry","category-sos-cidadao"],"views":3,"_links":{"self":[{"href":"https:\/\/institutojr.ong.br\/index.php\/wp-json\/wp\/v2\/posts\/2027","targetHints":{"allow":["GET"]}}],"collection":[{"href":"https:\/\/institutojr.ong.br\/index.php\/wp-json\/wp\/v2\/posts"}],"about":[{"href":"https:\/\/institutojr.ong.br\/index.php\/wp-json\/wp\/v2\/types\/post"}],"author":[{"embeddable":true,"href":"https:\/\/institutojr.ong.br\/index.php\/wp-json\/wp\/v2\/users\/1"}],"replies":[{"embeddable":true,"href":"https:\/\/institutojr.ong.br\/index.php\/wp-json\/wp\/v2\/comments?post=2027"}],"version-history":[{"count":1,"href":"https:\/\/institutojr.ong.br\/index.php\/wp-json\/wp\/v2\/posts\/2027\/revisions"}],"predecessor-version":[{"id":2029,"href":"https:\/\/institutojr.ong.br\/index.php\/wp-json\/wp\/v2\/posts\/2027\/revisions\/2029"}],"wp:attachment":[{"href":"https:\/\/institutojr.ong.br\/index.php\/wp-json\/wp\/v2\/media?parent=2027"}],"wp:term":[{"taxonomy":"category","embeddable":true,"href":"https:\/\/institutojr.ong.br\/index.php\/wp-json\/wp\/v2\/categories?post=2027"},{"taxonomy":"post_tag","embeddable":true,"href":"https:\/\/institutojr.ong.br\/index.php\/wp-json\/wp\/v2\/tags?post=2027"}],"curies":[{"name":"wp","href":"https:\/\/api.w.org\/{rel}","templated":true}]}}