{"id":2018,"date":"2025-05-31T18:04:57","date_gmt":"2025-05-31T21:04:57","guid":{"rendered":"https:\/\/institutojr.ong.br\/?p=2018"},"modified":"2025-05-31T18:04:57","modified_gmt":"2025-05-31T21:04:57","slug":"moradores-pedem-agua-encanada-e-conquista-e-celebrada-com-festa-comunitaria-no-sos-cidadao","status":"publish","type":"post","link":"https:\/\/institutojr.ong.br\/index.php\/2025\/05\/31\/moradores-pedem-agua-encanada-e-conquista-e-celebrada-com-festa-comunitaria-no-sos-cidadao\/","title":{"rendered":"Moradores pedem \u00e1gua encanada e conquista \u00e9 celebrada com festa comunit\u00e1ria no SOS Cidad\u00e3o"},"content":{"rendered":"<h1 data-start=\"0\" data-end=\"95\">Moradores pedem \u00e1gua encanada e conquista \u00e9 celebrada com festa comunit\u00e1ria no SOS Cidad\u00e3o<\/h1>\n<p data-start=\"97\" data-end=\"604\">Ter acesso \u00e0 \u00e1gua encanada \u00e9 uma necessidade b\u00e1sica, mas ainda um desafio para muitas comunidades em nosso pa\u00eds. No Instituto Jonathan Rigueira, o projeto SOS Cidad\u00e3o tem sido um instrumento fundamental para transformar reivindica\u00e7\u00f5es leg\u00edtimas em conquistas reais. Recentemente, moradores da comunidade Vila Esperan\u00e7a lutaram por anos pelo direito \u00e0 \u00e1gua encanada e, gra\u00e7as \u00e0 mobiliza\u00e7\u00e3o e den\u00fancias realizadas pelo SOS Cidad\u00e3o, essa conquista foi finalmente celebrada em uma emocionante festa comunit\u00e1ria.<\/p>\n<hr data-start=\"606\" data-end=\"609\" \/>\n<h2 data-start=\"611\" data-end=\"684\">O que \u00e9 o SOS Cidad\u00e3o e como ele ajudou na conquista da \u00e1gua encanada?<\/h2>\n<p data-start=\"686\" data-end=\"1013\">O SOS Cidad\u00e3o \u00e9 uma iniciativa do Instituto Jonathan Rigueira que conecta a popula\u00e7\u00e3o \u00e0s autoridades p\u00fablicas, promovendo a escuta ativa das demandas urbanas e sociais. A falta de \u00e1gua encanada na Vila Esperan\u00e7a vinha gerando dificuldades cotidianas para centenas de fam\u00edlias, prejudicando a sa\u00fade, higiene e qualidade de vida.<\/p>\n<p data-start=\"1015\" data-end=\"1355\">A partir das den\u00fancias e registros feitos por moradores atrav\u00e9s do SOS Cidad\u00e3o, o Instituto atuou como ponte entre a comunidade e os \u00f3rg\u00e3os competentes, exigindo solu\u00e7\u00f5es e acompanhamento constante. O resultado desse trabalho conjunto foi a instala\u00e7\u00e3o do sistema de abastecimento de \u00e1gua encanada, marcando um avan\u00e7o decisivo para o bairro.<\/p>\n<p data-start=\"1357\" data-end=\"1565\">Para celebrar essa vit\u00f3ria, os moradores organizaram uma festa comunit\u00e1ria cheia de m\u00fasica, comida t\u00edpica e relatos emocionados, simbolizando a for\u00e7a da uni\u00e3o e do engajamento popular na transforma\u00e7\u00e3o social.<\/p>\n<hr data-start=\"1567\" data-end=\"1570\" \/>\n<h2 data-start=\"1572\" data-end=\"1638\">Resultados concretos da mobiliza\u00e7\u00e3o pelo acesso \u00e0 \u00e1gua encanada<\/h2>\n<p data-start=\"1640\" data-end=\"1782\">Essa a\u00e7\u00e3o do SOS Cidad\u00e3o trouxe resultados palp\u00e1veis e duradouros para a Vila Esperan\u00e7a, refletindo o impacto positivo da participa\u00e7\u00e3o cidad\u00e3:<\/p>\n<ul data-start=\"1784\" data-end=\"2158\">\n<li data-start=\"1784\" data-end=\"1862\">\n<p data-start=\"1786\" data-end=\"1862\">Mais de 200 fam\u00edlias beneficiadas diretamente com o acesso \u00e0 \u00e1gua pot\u00e1vel;<\/p>\n<\/li>\n<li data-start=\"1863\" data-end=\"1935\">\n<p data-start=\"1865\" data-end=\"1935\">Redu\u00e7\u00e3o significativa de doen\u00e7as relacionadas \u00e0 falta de \u00e1gua limpa;<\/p>\n<\/li>\n<li data-start=\"1936\" data-end=\"1990\">\n<p data-start=\"1938\" data-end=\"1990\">Melhora na qualidade de vida e higiene domiciliar;<\/p>\n<\/li>\n<li data-start=\"1991\" data-end=\"2055\">\n<p data-start=\"1993\" data-end=\"2055\">Fortalecimento do senso de comunidade e protagonismo social;<\/p>\n<\/li>\n<li data-start=\"2056\" data-end=\"2158\">\n<p data-start=\"2058\" data-end=\"2158\">Registro oficial e acompanhamento cont\u00ednuo das melhorias pela equipe do Instituto Jonathan Rigueira.<\/p>\n<\/li>\n<\/ul>\n<p data-start=\"2160\" data-end=\"2307\">A festa comunit\u00e1ria marcou n\u00e3o s\u00f3 uma comemora\u00e7\u00e3o, mas tamb\u00e9m um compromisso coletivo para manter a mobiliza\u00e7\u00e3o ativa em outras demandas da regi\u00e3o.<\/p>\n<hr data-start=\"2309\" data-end=\"2312\" \/>\n<h3 data-start=\"2314\" data-end=\"2456\">\u201cA \u00e1gua encanada mudou a nossa vida. Antes, era sofrimento constante, agora \u00e9 esperan\u00e7a e sa\u00fade.\u201d \u2014 Depoimento da moradora Maria Aparecida<\/h3>\n<blockquote data-start=\"2458\" data-end=\"2707\">\n<p data-start=\"2460\" data-end=\"2707\">\u201cLembro como era dif\u00edcil pegar \u00e1gua em baldes e at\u00e9 racionar. Com o SOS Cidad\u00e3o, nossa voz foi ouvida. Hoje, nossa comunidade tem dignidade e comemoramos essa vit\u00f3ria juntos. \u00c9 um sonho realizado!\u201d<br data-start=\"2657\" data-end=\"2660\" \/>\u2014 Maria Aparecida, moradora da Vila Esperan\u00e7a<\/p>\n<\/blockquote>\n<hr data-start=\"2709\" data-end=\"2712\" \/>\n<h2 data-start=\"2714\" data-end=\"2775\">Participe do SOS Cidad\u00e3o e ajude a transformar mais vidas!<\/h2>\n<p data-start=\"2777\" data-end=\"3001\">O Instituto Jonathan Rigueira convida todos a utilizarem o SOS Cidad\u00e3o para registrar suas demandas sociais e urbanas. Juntos, podemos garantir que direitos essenciais, como o acesso \u00e0 \u00e1gua, cheguem a quem realmente precisa.<\/p>\n<p data-start=\"3003\" data-end=\"3172\">Siga nossas redes sociais para acompanhar as a\u00e7\u00f5es, resultados e formas de participar. Sua den\u00fancia pode ser o pr\u00f3ximo passo para uma mudan\u00e7a concreta em sua comunidade!<\/p>\n","protected":false},"excerpt":{"rendered":"<p>Moradores pedem \u00e1gua encanada e conquista \u00e9 celebrada com festa comunit\u00e1ria no SOS Cidad\u00e3o Ter acesso \u00e0 \u00e1gua encanada \u00e9 uma necessidade b\u00e1sica, mas ainda um desafio para muitas comunidades em nosso pa\u00eds. No Instituto Jonathan Rigueira, o projeto SOS Cidad\u00e3o tem sido um instrumento fundamental para transformar reivindica\u00e7\u00f5es leg\u00edtimas em conquistas reais. Recentemente, moradores [&hellip;]<\/p>\n","protected":false},"author":1,"featured_media":0,"comment_status":"open","ping_status":"open","sticky":false,"template":"","format":"standard","meta":{"footnotes":""},"categories":[61],"tags":[],"class_list":["post-2018","post","type-post","status-publish","format-standard","hentry","category-sos-cidadao"],"views":3,"_links":{"self":[{"href":"https:\/\/institutojr.ong.br\/index.php\/wp-json\/wp\/v2\/posts\/2018","targetHints":{"allow":["GET"]}}],"collection":[{"href":"https:\/\/institutojr.ong.br\/index.php\/wp-json\/wp\/v2\/posts"}],"about":[{"href":"https:\/\/institutojr.ong.br\/index.php\/wp-json\/wp\/v2\/types\/post"}],"author":[{"embeddable":true,"href":"https:\/\/institutojr.ong.br\/index.php\/wp-json\/wp\/v2\/users\/1"}],"replies":[{"embeddable":true,"href":"https:\/\/institutojr.ong.br\/index.php\/wp-json\/wp\/v2\/comments?post=2018"}],"version-history":[{"count":1,"href":"https:\/\/institutojr.ong.br\/index.php\/wp-json\/wp\/v2\/posts\/2018\/revisions"}],"predecessor-version":[{"id":2020,"href":"https:\/\/institutojr.ong.br\/index.php\/wp-json\/wp\/v2\/posts\/2018\/revisions\/2020"}],"wp:attachment":[{"href":"https:\/\/institutojr.ong.br\/index.php\/wp-json\/wp\/v2\/media?parent=2018"}],"wp:term":[{"taxonomy":"category","embeddable":true,"href":"https:\/\/institutojr.ong.br\/index.php\/wp-json\/wp\/v2\/categories?post=2018"},{"taxonomy":"post_tag","embeddable":true,"href":"https:\/\/institutojr.ong.br\/index.php\/wp-json\/wp\/v2\/tags?post=2018"}],"curies":[{"name":"wp","href":"https:\/\/api.w.org\/{rel}","templated":true}]}}