{"id":2009,"date":"2025-05-31T18:02:14","date_gmt":"2025-05-31T21:02:14","guid":{"rendered":"https:\/\/institutojr.ong.br\/?p=2009"},"modified":"2025-05-31T18:02:14","modified_gmt":"2025-05-31T21:02:14","slug":"doacao-em-grande-escala-parceria-com-supermercado-garante-2-toneladas-de-alimentos-para-familias-em-situacao-de-vulnerabilidade","status":"publish","type":"post","link":"https:\/\/institutojr.ong.br\/index.php\/2025\/05\/31\/doacao-em-grande-escala-parceria-com-supermercado-garante-2-toneladas-de-alimentos-para-familias-em-situacao-de-vulnerabilidade\/","title":{"rendered":"Doa\u00e7\u00e3o em grande escala: parceria com supermercado garante 2 toneladas de alimentos para fam\u00edlias em situa\u00e7\u00e3o de vulnerabilidade"},"content":{"rendered":"<h1 data-start=\"0\" data-end=\"133\">Doa\u00e7\u00e3o em grande escala: parceria com supermercado garante 2 toneladas de alimentos para fam\u00edlias em situa\u00e7\u00e3o de vulnerabilidade<\/h1>\n<p data-start=\"135\" data-end=\"603\">Em momentos de crise, a solidariedade se torna a for\u00e7a que transforma vidas. \u00c9 com esse esp\u00edrito que o Instituto Jonathan Rigueira anuncia uma parceria in\u00e9dita com um supermercado local, que resultou na doa\u00e7\u00e3o de 2 toneladas de alimentos para fam\u00edlias em situa\u00e7\u00e3o de vulnerabilidade social em Ribeir\u00e3o das Neves. Essa iniciativa n\u00e3o s\u00f3 garante refei\u00e7\u00f5es para centenas de pessoas, mas tamb\u00e9m fortalece o elo entre a comunidade, empresas e o poder da colabora\u00e7\u00e3o social.<\/p>\n<hr data-start=\"605\" data-end=\"608\" \/>\n<h2 data-start=\"610\" data-end=\"675\">A import\u00e2ncia da doa\u00e7\u00e3o em grande escala para o combate \u00e0 fome<\/h2>\n<p data-start=\"677\" data-end=\"1016\">A parceria entre o Instituto Jonathan Rigueira e o supermercado foi estabelecida para enfrentar um dos maiores desafios das comunidades carentes: a inseguran\u00e7a alimentar. Em uma a\u00e7\u00e3o coordenada, o supermercado destinou alimentos de qualidade, incluindo itens n\u00e3o perec\u00edveis, para distribui\u00e7\u00e3o imediata \u00e0s fam\u00edlias cadastradas no Instituto.<\/p>\n<p data-start=\"1018\" data-end=\"1356\">O processo de doa\u00e7\u00e3o foi marcado por uma log\u00edstica cuidadosa, com volunt\u00e1rios do Instituto respons\u00e1veis pela triagem, armazenamento e entrega dos alimentos. A iniciativa n\u00e3o apenas garantiu refei\u00e7\u00f5es, mas tamb\u00e9m trouxe esperan\u00e7a e dignidade para muitas fam\u00edlias, que viram seus lares mais nutridos gra\u00e7as \u00e0 solidariedade do setor privado.<\/p>\n<p data-start=\"1358\" data-end=\"1572\">Al\u00e9m disso, essa parceria simboliza um compromisso social que vai al\u00e9m da responsabilidade empresarial: \u00e9 uma demonstra\u00e7\u00e3o de que a uni\u00e3o entre empresas e institui\u00e7\u00f5es pode gerar impacto real, sustent\u00e1vel e humano.<\/p>\n<hr data-start=\"1574\" data-end=\"1577\" \/>\n<h2 data-start=\"1579\" data-end=\"1650\">Resultados concretos da doa\u00e7\u00e3o em alimentos do supermercado parceiro<\/h2>\n<p data-start=\"1652\" data-end=\"1739\">Os n\u00fameros da a\u00e7\u00e3o s\u00e3o impressionantes e refletem o alcance e a efici\u00eancia da parceria:<\/p>\n<ul data-start=\"1741\" data-end=\"2073\">\n<li data-start=\"1741\" data-end=\"1777\">\n<p data-start=\"1743\" data-end=\"1777\">2 toneladas de alimentos doados;<\/p>\n<\/li>\n<li data-start=\"1778\" data-end=\"1825\">\n<p data-start=\"1780\" data-end=\"1825\">Mais de 300 fam\u00edlias atendidas diretamente;<\/p>\n<\/li>\n<li data-start=\"1826\" data-end=\"1918\">\n<p data-start=\"1828\" data-end=\"1918\">Alimentos variados, incluindo arroz, feij\u00e3o, macarr\u00e3o, \u00f3leo, a\u00e7\u00facar, e itens de higiene;<\/p>\n<\/li>\n<li data-start=\"1919\" data-end=\"1989\">\n<p data-start=\"1921\" data-end=\"1989\">Participa\u00e7\u00e3o ativa de 25 volunt\u00e1rios do Instituto na distribui\u00e7\u00e3o;<\/p>\n<\/li>\n<li data-start=\"1990\" data-end=\"2073\">\n<p data-start=\"1992\" data-end=\"2073\">Aumento em 40% da capacidade de atendimento alimentar do Instituto no \u00faltimo m\u00eas.<\/p>\n<\/li>\n<\/ul>\n<p data-start=\"2075\" data-end=\"2225\">Esses dados mostram como uma colabora\u00e7\u00e3o estrat\u00e9gica pode maximizar resultados e trazer conforto a quem mais precisa, ampliando a rede de apoio local.<\/p>\n<hr data-start=\"2227\" data-end=\"2230\" \/>\n<h3 data-start=\"2232\" data-end=\"2368\">\u201cNunca imaginei que poderia receber tanta ajuda em um momento t\u00e3o dif\u00edcil\u201d \u2014 Depoimento de Maria das Gra\u00e7as, beneficiada pela doa\u00e7\u00e3o<\/h3>\n<blockquote data-start=\"2370\" data-end=\"2671\">\n<p data-start=\"2372\" data-end=\"2671\">\u201cMinha fam\u00edlia estava passando por muitas dificuldades, e essa doa\u00e7\u00e3o foi um al\u00edvio enorme. Saber que tem gente se preocupando com a gente d\u00e1 for\u00e7a pra seguir em frente. Sou muito grata ao Instituto e ao supermercado por esse gesto t\u00e3o lindo.\u201d<br data-start=\"2615\" data-end=\"2618\" \/>\u2014 Maria das Gra\u00e7as, moradora da comunidade S\u00e3o Jos\u00e9<\/p>\n<\/blockquote>\n<hr data-start=\"2673\" data-end=\"2676\" \/>\n<h2 data-start=\"2678\" data-end=\"2737\">Como voc\u00ea pode fortalecer essa corrente de solidariedade<\/h2>\n<p data-start=\"2739\" data-end=\"2964\">A doa\u00e7\u00e3o em grande escala s\u00f3 foi poss\u00edvel gra\u00e7as ao comprometimento do supermercado parceiro e ao trabalho incans\u00e1vel dos volunt\u00e1rios do Instituto Jonathan Rigueira. Mas para continuar transformando vidas, precisamos de voc\u00ea!<\/p>\n<p data-start=\"2966\" data-end=\"3214\">\u2714\ufe0f Siga o Instituto nas redes sociais para acompanhar as pr\u00f3ximas campanhas;<br data-start=\"3042\" data-end=\"3045\" \/>\u2714\ufe0f Doe alimentos, roupas ou recursos financeiros para ampliar nosso alcance;<br data-start=\"3121\" data-end=\"3124\" \/>\u2714\ufe0f Seja volunt\u00e1rio e participe das a\u00e7\u00f5es que fazem a diferen\u00e7a na vida de tantas fam\u00edlias.<\/p>\n<p data-start=\"3216\" data-end=\"3324\">Juntos, podemos combater a fome e construir uma sociedade mais justa e humana. Fa\u00e7a parte dessa rede do bem!<\/p>\n","protected":false},"excerpt":{"rendered":"<p>Doa\u00e7\u00e3o em grande escala: parceria com supermercado garante 2 toneladas de alimentos para fam\u00edlias em situa\u00e7\u00e3o de vulnerabilidade Em momentos de crise, a solidariedade se torna a for\u00e7a que transforma vidas. \u00c9 com esse esp\u00edrito que o Instituto Jonathan Rigueira anuncia uma parceria in\u00e9dita com um supermercado local, que resultou na doa\u00e7\u00e3o de 2 toneladas [&hellip;]<\/p>\n","protected":false},"author":1,"featured_media":0,"comment_status":"open","ping_status":"open","sticky":false,"template":"","format":"standard","meta":{"footnotes":""},"categories":[63],"tags":[],"class_list":["post-2009","post","type-post","status-publish","format-standard","hentry","category-parcerias-e-apoiadores"],"views":1,"_links":{"self":[{"href":"https:\/\/institutojr.ong.br\/index.php\/wp-json\/wp\/v2\/posts\/2009","targetHints":{"allow":["GET"]}}],"collection":[{"href":"https:\/\/institutojr.ong.br\/index.php\/wp-json\/wp\/v2\/posts"}],"about":[{"href":"https:\/\/institutojr.ong.br\/index.php\/wp-json\/wp\/v2\/types\/post"}],"author":[{"embeddable":true,"href":"https:\/\/institutojr.ong.br\/index.php\/wp-json\/wp\/v2\/users\/1"}],"replies":[{"embeddable":true,"href":"https:\/\/institutojr.ong.br\/index.php\/wp-json\/wp\/v2\/comments?post=2009"}],"version-history":[{"count":1,"href":"https:\/\/institutojr.ong.br\/index.php\/wp-json\/wp\/v2\/posts\/2009\/revisions"}],"predecessor-version":[{"id":2011,"href":"https:\/\/institutojr.ong.br\/index.php\/wp-json\/wp\/v2\/posts\/2009\/revisions\/2011"}],"wp:attachment":[{"href":"https:\/\/institutojr.ong.br\/index.php\/wp-json\/wp\/v2\/media?parent=2009"}],"wp:term":[{"taxonomy":"category","embeddable":true,"href":"https:\/\/institutojr.ong.br\/index.php\/wp-json\/wp\/v2\/categories?post=2009"},{"taxonomy":"post_tag","embeddable":true,"href":"https:\/\/institutojr.ong.br\/index.php\/wp-json\/wp\/v2\/tags?post=2009"}],"curies":[{"name":"wp","href":"https:\/\/api.w.org\/{rel}","templated":true}]}}