{"id":1997,"date":"2025-05-31T17:52:46","date_gmt":"2025-05-31T20:52:46","guid":{"rendered":"https:\/\/institutojr.ong.br\/?p=1997"},"modified":"2025-05-31T17:52:46","modified_gmt":"2025-05-31T20:52:46","slug":"edital-aberto-veja-como-participar-da-selecao-para-bolsistas-e-oficineiros-do-instituto-jonathan-rigueira","status":"publish","type":"post","link":"https:\/\/institutojr.ong.br\/index.php\/2025\/05\/31\/edital-aberto-veja-como-participar-da-selecao-para-bolsistas-e-oficineiros-do-instituto-jonathan-rigueira\/","title":{"rendered":"Edital aberto: veja como participar da sele\u00e7\u00e3o para bolsistas e oficineiros do Instituto Jonathan Rigueira"},"content":{"rendered":"<h1 data-start=\"0\" data-end=\"111\">Edital aberto: veja como participar da sele\u00e7\u00e3o para bolsistas e oficineiros do Instituto Jonathan Rigueira<\/h1>\n<p data-start=\"113\" data-end=\"585\">O Instituto Jonathan Rigueira anuncia com orgulho a abertura oficial do edital para sele\u00e7\u00e3o de bolsistas e oficineiros que desejam fazer a diferen\u00e7a nas comunidades de Ribeir\u00e3o das Neves. Esta \u00e9 uma oportunidade \u00fanica para quem quer se envolver em a\u00e7\u00f5es sociais transformadoras, desenvolver compet\u00eancias e contribuir com o futuro de milhares de fam\u00edlias. Se voc\u00ea busca crescimento pessoal e profissional aliando prop\u00f3sito e impacto social, este edital foi feito para voc\u00ea!<\/p>\n<hr data-start=\"587\" data-end=\"590\" \/>\n<h2 data-start=\"592\" data-end=\"672\">O que \u00e9 o edital para bolsistas e oficineiros do Instituto Jonathan Rigueira?<\/h2>\n<p data-start=\"674\" data-end=\"1080\">O edital \u00e9 um convite aberto para pessoas comprometidas, dedicadas e apaixonadas por transformar realidades. Por meio deste processo seletivo, o Instituto busca candidatos para atuar como <strong data-start=\"862\" data-end=\"875\">bolsistas<\/strong>, com foco em atividades administrativas, de apoio pedag\u00f3gico e projetos sociais, e <strong data-start=\"959\" data-end=\"974\">oficineiros<\/strong>, que conduzir\u00e3o oficinas de capacita\u00e7\u00e3o, qualifica\u00e7\u00e3o profissional, artes, tecnologia e empreendedorismo.<\/p>\n<p data-start=\"1082\" data-end=\"1392\">Mais do que preencher vagas, o Instituto busca talentos que queiram crescer junto com a comunidade, exercendo uma fun\u00e7\u00e3o que gera impacto direto na vida de quem mais precisa. Os selecionados receber\u00e3o bolsas de incentivo, al\u00e9m de capacita\u00e7\u00e3o cont\u00ednua e acompanhamento t\u00e9cnico durante todo o per\u00edodo de atua\u00e7\u00e3o.<\/p>\n<p data-start=\"1394\" data-end=\"1551\">A sele\u00e7\u00e3o \u00e9 transparente e acess\u00edvel, destinada a moradores de Ribeir\u00e3o das Neves e regi\u00f5es pr\u00f3ximas, que estejam alinhados com a miss\u00e3o social do Instituto.<\/p>\n<hr data-start=\"1553\" data-end=\"1556\" \/>\n<h2 data-start=\"1558\" data-end=\"1612\">Como participar do processo seletivo: passo a passo<\/h2>\n<p data-start=\"1614\" data-end=\"1707\">Para garantir ampla participa\u00e7\u00e3o, o Instituto disponibilizou um processo simples e eficiente:<\/p>\n<ol data-start=\"1709\" data-end=\"2401\">\n<li data-start=\"1709\" data-end=\"1849\">\n<p data-start=\"1712\" data-end=\"1849\"><strong data-start=\"1712\" data-end=\"1733\">Inscri\u00e7\u00e3o online:<\/strong> Os interessados devem acessar o site oficial do Instituto e preencher o formul\u00e1rio at\u00e9 o dia 25 de junho de 2025.<\/p>\n<\/li>\n<li data-start=\"1850\" data-end=\"2002\">\n<p data-start=\"1853\" data-end=\"2002\"><strong data-start=\"1853\" data-end=\"1878\">An\u00e1lise de curr\u00edculo:<\/strong> A equipe t\u00e9cnica avaliar\u00e1 o perfil e experi\u00eancia dos inscritos, com aten\u00e7\u00e3o especial a quem demonstre compromisso social.<\/p>\n<\/li>\n<li data-start=\"2003\" data-end=\"2243\">\n<p data-start=\"2006\" data-end=\"2243\"><strong data-start=\"2006\" data-end=\"2034\">Entrevistas e din\u00e2micas:<\/strong> Os candidatos pr\u00e9-selecionados ser\u00e3o convidados para uma entrevista presencial ou online e participar\u00e3o de din\u00e2micas de grupo para melhor conhecer suas habilidades e alinhamento com os valores do Instituto.<\/p>\n<\/li>\n<li data-start=\"2244\" data-end=\"2401\">\n<p data-start=\"2247\" data-end=\"2401\"><strong data-start=\"2247\" data-end=\"2277\">Divulga\u00e7\u00e3o dos resultados:<\/strong> A lista final ser\u00e1 publicada no site e redes sociais do Instituto, com in\u00edcio das atividades previstas para agosto de 2025.<\/p>\n<\/li>\n<\/ol>\n<hr data-start=\"2403\" data-end=\"2406\" \/>\n<h2 data-start=\"2408\" data-end=\"2475\">Resultados esperados com a nova turma de bolsistas e oficineiros<\/h2>\n<p data-start=\"2477\" data-end=\"2638\">A expectativa do Instituto Jonathan Rigueira \u00e9 que, com a nova equipe, as a\u00e7\u00f5es sociais e educacionais ampliem seu alcance e profundidade. Em 2025, o objetivo \u00e9:<\/p>\n<ul data-start=\"2640\" data-end=\"3016\">\n<li data-start=\"2640\" data-end=\"2722\">\n<p data-start=\"2642\" data-end=\"2722\">\u2705 Atender diretamente <strong data-start=\"2664\" data-end=\"2689\">mais de 5.000 pessoas<\/strong> em cursos, oficinas e servi\u00e7os<\/p>\n<\/li>\n<li data-start=\"2723\" data-end=\"2796\">\n<p data-start=\"2725\" data-end=\"2796\">\u2705 Ampliar a oferta de qualifica\u00e7\u00e3o profissional para jovens e adultos<\/p>\n<\/li>\n<li data-start=\"2797\" data-end=\"2860\">\n<p data-start=\"2799\" data-end=\"2860\">\u2705 Fortalecer o suporte a fam\u00edlias em vulnerabilidade social<\/p>\n<\/li>\n<li data-start=\"2861\" data-end=\"2948\">\n<p data-start=\"2863\" data-end=\"2948\">\u2705 Aumentar a capilaridade dos projetos em bairros perif\u00e9ricos de Ribeir\u00e3o das Neves<\/p>\n<\/li>\n<li data-start=\"2949\" data-end=\"3016\">\n<p data-start=\"2951\" data-end=\"3016\">\u2705 Incentivar a cultura de voluntariado e protagonismo comunit\u00e1rio<\/p>\n<\/li>\n<\/ul>\n<p data-start=\"3018\" data-end=\"3137\">Essas metas refor\u00e7am o compromisso do Instituto em criar solu\u00e7\u00f5es sustent\u00e1veis para o desenvolvimento social da regi\u00e3o.<\/p>\n<hr data-start=\"3139\" data-end=\"3142\" \/>\n<h3 data-start=\"3144\" data-end=\"3272\">\u201cMinha experi\u00eancia como oficineira mudou vidas e renovou minha esperan\u00e7a\u201d \u2014 Depoimento de Ana Clara, oficineira do Instituto<\/h3>\n<blockquote data-start=\"3274\" data-end=\"3671\">\n<p data-start=\"3276\" data-end=\"3671\">\u201cQuando entrei para a equipe do Instituto como oficineira, n\u00e3o imaginava o quanto aquela experi\u00eancia mudaria a minha vida e a de tantas pessoas. Ver o brilho nos olhos de quem aprende uma nova profiss\u00e3o ou reencontra a autoestima me enche de orgulho e for\u00e7a para continuar. Recomendo a todos que desejam contribuir de verdade!\u201d<br data-start=\"3603\" data-end=\"3606\" \/>\u2014 Ana Clara Mendes, oficineira de artesanato e empreendedorismo<\/p>\n<\/blockquote>\n<hr data-start=\"3673\" data-end=\"3676\" \/>\n<h2 data-start=\"3678\" data-end=\"3735\">Participe e transforme o futuro de Ribeir\u00e3o das Neves!<\/h2>\n<p data-start=\"3737\" data-end=\"3930\">O edital aberto \u00e9 uma porta que o Instituto Jonathan Rigueira estende para voc\u00ea que quer ser agente da mudan\u00e7a. Se voc\u00ea tem vontade de ajudar, aprender e crescer, n\u00e3o deixe essa chance passar.<\/p>\n<p data-start=\"3932\" data-end=\"4133\">\u2705 Acesse o site do Instituto e fa\u00e7a sua inscri\u00e7\u00e3o!<br data-start=\"3982\" data-end=\"3985\" \/>\u2705 Compartilhe esta oportunidade com amigos e familiares interessados.<br data-start=\"4054\" data-end=\"4057\" \/>\u2705 Siga nossas redes sociais para acompanhar todas as novidades e resultados.<\/p>\n<p data-start=\"4135\" data-end=\"4208\">Juntos, construiremos uma comunidade mais justa, capacitada e resiliente.<\/p>\n","protected":false},"excerpt":{"rendered":"<p>Edital aberto: veja como participar da sele\u00e7\u00e3o para bolsistas e oficineiros do Instituto Jonathan Rigueira O Instituto Jonathan Rigueira anuncia com orgulho a abertura oficial do edital para sele\u00e7\u00e3o de bolsistas e oficineiros que desejam fazer a diferen\u00e7a nas comunidades de Ribeir\u00e3o das Neves. Esta \u00e9 uma oportunidade \u00fanica para quem quer se envolver em [&hellip;]<\/p>\n","protected":false},"author":1,"featured_media":0,"comment_status":"open","ping_status":"open","sticky":false,"template":"","format":"standard","meta":{"footnotes":""},"categories":[65],"tags":[],"class_list":["post-1997","post","type-post","status-publish","format-standard","hentry","category-noticias-institucionais"],"views":1,"_links":{"self":[{"href":"https:\/\/institutojr.ong.br\/index.php\/wp-json\/wp\/v2\/posts\/1997","targetHints":{"allow":["GET"]}}],"collection":[{"href":"https:\/\/institutojr.ong.br\/index.php\/wp-json\/wp\/v2\/posts"}],"about":[{"href":"https:\/\/institutojr.ong.br\/index.php\/wp-json\/wp\/v2\/types\/post"}],"author":[{"embeddable":true,"href":"https:\/\/institutojr.ong.br\/index.php\/wp-json\/wp\/v2\/users\/1"}],"replies":[{"embeddable":true,"href":"https:\/\/institutojr.ong.br\/index.php\/wp-json\/wp\/v2\/comments?post=1997"}],"version-history":[{"count":1,"href":"https:\/\/institutojr.ong.br\/index.php\/wp-json\/wp\/v2\/posts\/1997\/revisions"}],"predecessor-version":[{"id":1999,"href":"https:\/\/institutojr.ong.br\/index.php\/wp-json\/wp\/v2\/posts\/1997\/revisions\/1999"}],"wp:attachment":[{"href":"https:\/\/institutojr.ong.br\/index.php\/wp-json\/wp\/v2\/media?parent=1997"}],"wp:term":[{"taxonomy":"category","embeddable":true,"href":"https:\/\/institutojr.ong.br\/index.php\/wp-json\/wp\/v2\/categories?post=1997"},{"taxonomy":"post_tag","embeddable":true,"href":"https:\/\/institutojr.ong.br\/index.php\/wp-json\/wp\/v2\/tags?post=1997"}],"curies":[{"name":"wp","href":"https:\/\/api.w.org\/{rel}","templated":true}]}}