{"id":1994,"date":"2025-05-31T17:51:46","date_gmt":"2025-05-31T20:51:46","guid":{"rendered":"https:\/\/institutojr.ong.br\/?p=1994"},"modified":"2025-05-31T17:51:46","modified_gmt":"2025-05-31T20:51:46","slug":"nova-equipe-de-voluntarios-conheca-os-rostos-por-tras-da-transformacao","status":"publish","type":"post","link":"https:\/\/institutojr.ong.br\/index.php\/2025\/05\/31\/nova-equipe-de-voluntarios-conheca-os-rostos-por-tras-da-transformacao\/","title":{"rendered":"Nova equipe de volunt\u00e1rios: conhe\u00e7a os rostos por tr\u00e1s da transforma\u00e7\u00e3o"},"content":{"rendered":"<h1 data-start=\"0\" data-end=\"76\">Nova equipe de volunt\u00e1rios: conhe\u00e7a os rostos por tr\u00e1s da transforma\u00e7\u00e3o<\/h1>\n<p data-start=\"78\" data-end=\"448\">Por tr\u00e1s de cada cesta b\u00e1sica entregue, cada jovem qualificado, cada sorriso resgatado nas comunidades de Ribeir\u00e3o das Neves, existe um batalh\u00e3o silencioso e incans\u00e1vel: os volunt\u00e1rios do Instituto Jonathan Rigueira. Eles s\u00e3o a for\u00e7a vital que move nossas a\u00e7\u00f5es, e agora, com uma equipe renovada e ampliada, o Instituto se prepara para alcan\u00e7ar ainda mais vidas em 2025.<\/p>\n<p data-start=\"450\" data-end=\"657\">A chegada da nova equipe de volunt\u00e1rios marca um novo ciclo de esperan\u00e7a, empatia e a\u00e7\u00e3o concreta. S\u00e3o pessoas comuns com um prop\u00f3sito extraordin\u00e1rio: doar tempo, energia e afeto para transformar realidades.<\/p>\n<hr data-start=\"659\" data-end=\"662\" \/>\n<h2 data-start=\"664\" data-end=\"728\">Quem s\u00e3o os novos volunt\u00e1rios do Instituto Jonathan Rigueira?<\/h2>\n<p data-start=\"730\" data-end=\"1041\">Neste primeiro semestre, o Instituto promoveu um processo seletivo humanizado e acolhedor para recrutar novos volunt\u00e1rios. Mais de <strong data-start=\"861\" data-end=\"876\">300 pessoas<\/strong> se inscreveram e passaram por etapas como entrevistas, capacita\u00e7\u00e3o e din\u00e2micas de integra\u00e7\u00e3o. O resultado? Uma equipe plural, comprometida e profundamente engajada.<\/p>\n<p data-start=\"1043\" data-end=\"1426\">Os novos volunt\u00e1rios s\u00e3o moradores de Ribeir\u00e3o das Neves e regi\u00e3o metropolitana de Belo Horizonte, de diferentes faixas et\u00e1rias e hist\u00f3rias de vida. Entre eles, temos estudantes, aposentados, profissionais liberais, donas de casa e at\u00e9 ex-benefici\u00e1rios dos nossos projetos. Essa diversidade fortalece nosso impacto e garante que cada a\u00e7\u00e3o seja feita com empatia e representatividade.<\/p>\n<p data-start=\"1428\" data-end=\"1474\">A nova equipe j\u00e1 est\u00e1 atuando em frentes como:<\/p>\n<ul data-start=\"1476\" data-end=\"1747\">\n<li data-start=\"1476\" data-end=\"1520\">\n<p data-start=\"1478\" data-end=\"1520\">Mutir\u00f5es de doa\u00e7\u00e3o de alimentos e roupas<\/p>\n<\/li>\n<li data-start=\"1521\" data-end=\"1562\">\n<p data-start=\"1523\" data-end=\"1562\">Oficinas de qualifica\u00e7\u00e3o profissional<\/p>\n<\/li>\n<li data-start=\"1563\" data-end=\"1608\">\n<p data-start=\"1565\" data-end=\"1608\">Apoio psicol\u00f3gico e acolhimento emocional<\/p>\n<\/li>\n<li data-start=\"1609\" data-end=\"1651\">\n<p data-start=\"1611\" data-end=\"1651\">Atividades com crian\u00e7as e adolescentes<\/p>\n<\/li>\n<li data-start=\"1652\" data-end=\"1703\">\n<p data-start=\"1654\" data-end=\"1703\">Log\u00edstica e organiza\u00e7\u00e3o de eventos comunit\u00e1rios<\/p>\n<\/li>\n<li data-start=\"1704\" data-end=\"1747\">\n<p data-start=\"1706\" data-end=\"1747\">Produ\u00e7\u00e3o de conte\u00fado para redes sociais<\/p>\n<\/li>\n<\/ul>\n<p data-start=\"1749\" data-end=\"1843\">Mais do que ajudar, eles <strong data-start=\"1774\" data-end=\"1813\">vivem a miss\u00e3o do Instituto na pele<\/strong>. E isso faz toda a diferen\u00e7a.<\/p>\n<hr data-start=\"1845\" data-end=\"1848\" \/>\n<h2 data-start=\"1850\" data-end=\"1907\">Resultados e impactos com a nova equipe de volunt\u00e1rios<\/h2>\n<p data-start=\"1909\" data-end=\"2176\">Desde a chegada da nova equipe, o Instituto observou um crescimento expressivo na efici\u00eancia e no alcance das a\u00e7\u00f5es sociais. A energia e o comprometimento dos novos integrantes t\u00eam sido combust\u00edveis poderosos para ampliar o impacto positivo nas comunidades atendidas.<\/p>\n<p data-start=\"2178\" data-end=\"2245\">Confira alguns resultados j\u00e1 alcan\u00e7ados com o apoio da nova equipe:<\/p>\n<ul data-start=\"2247\" data-end=\"2582\">\n<li data-start=\"2247\" data-end=\"2318\">\n<p data-start=\"2249\" data-end=\"2318\">\ud83d\ude4c <strong data-start=\"2252\" data-end=\"2277\">+150 a\u00e7\u00f5es realizadas<\/strong> com apoio direto dos novos volunt\u00e1rios<\/p>\n<\/li>\n<li data-start=\"2319\" data-end=\"2388\">\n<p data-start=\"2321\" data-end=\"2388\">\ud83e\udde1 <strong data-start=\"2324\" data-end=\"2354\">+3.000 fam\u00edlias impactadas<\/strong> em apenas dois meses de atua\u00e7\u00e3o<\/p>\n<\/li>\n<li data-start=\"2389\" data-end=\"2452\">\n<p data-start=\"2391\" data-end=\"2452\">\ud83c\udf93 <strong data-start=\"2394\" data-end=\"2418\">18 oficinas e cursos<\/strong> conduzidos com apoio volunt\u00e1rio<\/p>\n<\/li>\n<li data-start=\"2453\" data-end=\"2511\">\n<p data-start=\"2455\" data-end=\"2511\">\ud83d\udecd\ufe0f <strong data-start=\"2459\" data-end=\"2509\">1.200 kits de alimentos e higiene distribu\u00eddos<\/strong><\/p>\n<\/li>\n<li data-start=\"2512\" data-end=\"2582\">\n<p data-start=\"2514\" data-end=\"2582\">\ud83d\udc68\u200d\ud83d\udc69\u200d\ud83d\udc67 <strong data-start=\"2523\" data-end=\"2543\">10 novos bairros<\/strong> alcan\u00e7ados com a\u00e7\u00f5es sociais diretas<\/p>\n<\/li>\n<\/ul>\n<p data-start=\"2584\" data-end=\"2680\">Cada n\u00famero representa uma hist\u00f3ria transformada, um futuro reacendido, uma dignidade resgatada.<\/p>\n<hr data-start=\"2682\" data-end=\"2685\" \/>\n<h3 data-start=\"2687\" data-end=\"2776\">\u201cSer volunt\u00e1rio me transformou tamb\u00e9m\u201d \u2014 Depoimento de Vitor, volunt\u00e1rio do Instituto<\/h3>\n<blockquote data-start=\"2778\" data-end=\"3140\">\n<p data-start=\"2780\" data-end=\"3140\">\u201cEntrei como volunt\u00e1rio achando que iria ajudar os outros. E ajudei. Mas o que eu n\u00e3o esperava era ser ajudado tamb\u00e9m. Aprendi a olhar diferente para a vida, conheci hist\u00f3rias que me marcaram e descobri o poder da solidariedade. O Instituto mudou a vida de muita gente \u2014 e mudou a minha tamb\u00e9m.\u201d<br data-start=\"3075\" data-end=\"3078\" \/>\u2014 Vitor Gomes, 25 anos, volunt\u00e1rio e estudante de psicologia<\/p>\n<\/blockquote>\n<hr data-start=\"3142\" data-end=\"3145\" \/>\n<h2 data-start=\"3147\" data-end=\"3225\">Fa\u00e7a parte dessa corrente do bem: seja volunt\u00e1rio ou apoie de outras formas<\/h2>\n<p data-start=\"3227\" data-end=\"3454\">A nova equipe de volunt\u00e1rios \u00e9 motivo de orgulho e inspira\u00e7\u00e3o, mas ainda h\u00e1 muito a fazer. O Instituto Jonathan Rigueira est\u00e1 sempre de portas abertas para quem deseja contribuir com tempo, recursos, conhecimento ou divulga\u00e7\u00e3o.<\/p>\n<p data-start=\"3456\" data-end=\"3509\"><strong data-start=\"3456\" data-end=\"3509\">Voc\u00ea tamb\u00e9m pode fazer parte dessa transforma\u00e7\u00e3o!<\/strong><\/p>\n<p data-start=\"3511\" data-end=\"3658\">\u2705 <strong data-start=\"3513\" data-end=\"3544\">Cadastre-se como volunt\u00e1rio<\/strong><br data-start=\"3544\" data-end=\"3547\" \/>\u2705 <strong data-start=\"3549\" data-end=\"3596\">Doe e ajude a manter nossos projetos ativos<\/strong><br data-start=\"3596\" data-end=\"3599\" \/>\u2705 <strong data-start=\"3601\" data-end=\"3658\">Siga e compartilhe nossos conte\u00fados nas redes sociais<\/strong><\/p>\n<p data-start=\"3660\" data-end=\"3819\">Juntos, podemos alcan\u00e7ar ainda mais pessoas e construir um futuro mais justo e solid\u00e1rio para todos. Porque quando nos unimos, o imposs\u00edvel se torna realidade.<\/p>\n","protected":false},"excerpt":{"rendered":"<p>Nova equipe de volunt\u00e1rios: conhe\u00e7a os rostos por tr\u00e1s da transforma\u00e7\u00e3o Por tr\u00e1s de cada cesta b\u00e1sica entregue, cada jovem qualificado, cada sorriso resgatado nas comunidades de Ribeir\u00e3o das Neves, existe um batalh\u00e3o silencioso e incans\u00e1vel: os volunt\u00e1rios do Instituto Jonathan Rigueira. Eles s\u00e3o a for\u00e7a vital que move nossas a\u00e7\u00f5es, e agora, com uma [&hellip;]<\/p>\n","protected":false},"author":1,"featured_media":0,"comment_status":"open","ping_status":"open","sticky":false,"template":"","format":"standard","meta":{"footnotes":""},"categories":[65],"tags":[],"class_list":["post-1994","post","type-post","status-publish","format-standard","hentry","category-noticias-institucionais"],"views":2,"_links":{"self":[{"href":"https:\/\/institutojr.ong.br\/index.php\/wp-json\/wp\/v2\/posts\/1994","targetHints":{"allow":["GET"]}}],"collection":[{"href":"https:\/\/institutojr.ong.br\/index.php\/wp-json\/wp\/v2\/posts"}],"about":[{"href":"https:\/\/institutojr.ong.br\/index.php\/wp-json\/wp\/v2\/types\/post"}],"author":[{"embeddable":true,"href":"https:\/\/institutojr.ong.br\/index.php\/wp-json\/wp\/v2\/users\/1"}],"replies":[{"embeddable":true,"href":"https:\/\/institutojr.ong.br\/index.php\/wp-json\/wp\/v2\/comments?post=1994"}],"version-history":[{"count":1,"href":"https:\/\/institutojr.ong.br\/index.php\/wp-json\/wp\/v2\/posts\/1994\/revisions"}],"predecessor-version":[{"id":1996,"href":"https:\/\/institutojr.ong.br\/index.php\/wp-json\/wp\/v2\/posts\/1994\/revisions\/1996"}],"wp:attachment":[{"href":"https:\/\/institutojr.ong.br\/index.php\/wp-json\/wp\/v2\/media?parent=1994"}],"wp:term":[{"taxonomy":"category","embeddable":true,"href":"https:\/\/institutojr.ong.br\/index.php\/wp-json\/wp\/v2\/categories?post=1994"},{"taxonomy":"post_tag","embeddable":true,"href":"https:\/\/institutojr.ong.br\/index.php\/wp-json\/wp\/v2\/tags?post=1994"}],"curies":[{"name":"wp","href":"https:\/\/api.w.org\/{rel}","templated":true}]}}