{"id":1991,"date":"2025-05-31T17:45:13","date_gmt":"2025-05-31T20:45:13","guid":{"rendered":"https:\/\/institutojr.ong.br\/?p=1991"},"modified":"2025-05-31T17:45:13","modified_gmt":"2025-05-31T20:45:13","slug":"instituto-jonathan-rigueira-bate-recorde-de-atendimentos-no-1o-semestre-veja-os-numeros","status":"publish","type":"post","link":"https:\/\/institutojr.ong.br\/index.php\/2025\/05\/31\/instituto-jonathan-rigueira-bate-recorde-de-atendimentos-no-1o-semestre-veja-os-numeros\/","title":{"rendered":"Instituto Jonathan Rigueira bate recorde de atendimentos no 1\u00ba semestre \u2013 veja os n\u00fameros"},"content":{"rendered":"<h1 data-start=\"0\" data-end=\"94\">Instituto Jonathan Rigueira bate recorde de atendimentos no 1\u00ba semestre \u2013 veja os n\u00fameros<\/h1>\n<p data-start=\"96\" data-end=\"454\">A solidariedade tem se multiplicado em Ribeir\u00e3o das Neves. No primeiro semestre deste ano, o Instituto Jonathan Rigueira alcan\u00e7ou um marco hist\u00f3rico: mais de <strong data-start=\"254\" data-end=\"288\">12 mil atendimentos realizados<\/strong> em apenas seis meses. O n\u00famero expressivo reflete o compromisso crescente com a transforma\u00e7\u00e3o social e a constru\u00e7\u00e3o de oportunidades reais para milhares de fam\u00edlias.<\/p>\n<p data-start=\"456\" data-end=\"765\">Com projetos nas \u00e1reas de <strong data-start=\"482\" data-end=\"561\">educa\u00e7\u00e3o, sa\u00fade, seguran\u00e7a alimentar, gera\u00e7\u00e3o de renda e acolhimento social<\/strong>, o Instituto vem ampliando sua atua\u00e7\u00e3o com for\u00e7a, empatia e resultados concretos. Esse recorde n\u00e3o \u00e9 apenas um n\u00famero \u2014 \u00e9 a prova viva de que, quando a comunidade se une, vidas s\u00e3o impactadas de verdade.<\/p>\n<hr data-start=\"767\" data-end=\"770\" \/>\n<h2 data-start=\"772\" data-end=\"836\">O que representa esse recorde de atendimentos no 1\u00ba semestre?<\/h2>\n<p data-start=\"838\" data-end=\"1209\">Ao longo dos primeiros seis meses do ano, o Instituto Jonathan Rigueira intensificou suas a\u00e7\u00f5es, ampliou parcerias e fortaleceu sua presen\u00e7a em bairros de alta vulnerabilidade social. Foram realizados atendimentos que v\u00e3o desde a entrega de cestas b\u00e1sicas e kits de higiene at\u00e9 cursos profissionalizantes, mutir\u00f5es de sa\u00fade, orienta\u00e7\u00e3o jur\u00eddica e acolhimento psicol\u00f3gico.<\/p>\n<p data-start=\"1211\" data-end=\"1517\">Cada atendimento \u00e9 mais do que um servi\u00e7o prestado: \u00e9 um gesto de cuidado, uma escuta ativa, uma m\u00e3o estendida. O crescimento das demandas mostra n\u00e3o apenas a confian\u00e7a da comunidade no Instituto, mas tamb\u00e9m a necessidade urgente de a\u00e7\u00f5es permanentes e estruturadas para garantir dignidade e oportunidades.<\/p>\n<p data-start=\"1519\" data-end=\"1844\">O impacto foi sentido especialmente em programas como o <strong data-start=\"1575\" data-end=\"1601\">\u201cMutir\u00e3o da Esperan\u00e7a\u201d<\/strong>, os cursos de <strong data-start=\"1616\" data-end=\"1635\">Emprego e Renda<\/strong>, os atendimentos no projeto <strong data-start=\"1664\" data-end=\"1686\">\u201cM\u00e3os que Acolhem\u201d<\/strong> e os eventos comunit\u00e1rios de sa\u00fade e educa\u00e7\u00e3o. Al\u00e9m disso, houve um aumento expressivo na busca por orienta\u00e7\u00f5es sobre como empreender e gerar renda familiar.<\/p>\n<hr data-start=\"1846\" data-end=\"1849\" \/>\n<h2 data-start=\"1851\" data-end=\"1909\">Resultados concretos: veja os n\u00fameros do impacto social<\/h2>\n<p data-start=\"1911\" data-end=\"1974\">Abaixo, alguns dos n\u00fameros que marcaram esse primeiro semestre:<\/p>\n<ul data-start=\"1976\" data-end=\"2582\">\n<li data-start=\"1976\" data-end=\"2030\">\n<p data-start=\"1978\" data-end=\"2030\">\u2705 <strong data-start=\"1980\" data-end=\"2014\">12.347 atendimentos realizados<\/strong> em seis meses<\/p>\n<\/li>\n<li data-start=\"2031\" data-end=\"2126\">\n<p data-start=\"2033\" data-end=\"2126\">\ud83d\uded2 <strong data-start=\"2036\" data-end=\"2073\">4.210 cestas b\u00e1sicas distribu\u00eddas<\/strong> para fam\u00edlias em situa\u00e7\u00e3o de inseguran\u00e7a alimentar<\/p>\n<\/li>\n<li data-start=\"2127\" data-end=\"2220\">\n<p data-start=\"2129\" data-end=\"2220\">\ud83d\udcda <strong data-start=\"2132\" data-end=\"2160\">1.189 alunos capacitados<\/strong> por meio de cursos gratuitos de qualifica\u00e7\u00e3o profissional<\/p>\n<\/li>\n<li data-start=\"2221\" data-end=\"2319\">\n<p data-start=\"2223\" data-end=\"2319\">\ud83d\udc69\u200d\u2695\ufe0f <strong data-start=\"2229\" data-end=\"2260\">3.507 atendimentos em sa\u00fade<\/strong> incluindo psicologia, enfermagem, odontologia e mutir\u00f5es<\/p>\n<\/li>\n<li data-start=\"2320\" data-end=\"2418\">\n<p data-start=\"2322\" data-end=\"2418\">\ud83d\udee0\ufe0f <strong data-start=\"2326\" data-end=\"2374\">430 pessoas inseridas no mercado de trabalho<\/strong> por meio de parcerias com empresas locais<\/p>\n<\/li>\n<li data-start=\"2419\" data-end=\"2493\">\n<p data-start=\"2421\" data-end=\"2493\">\ud83e\uddfc <strong data-start=\"2424\" data-end=\"2459\">6.000 kits de higiene e limpeza<\/strong> entregues em a\u00e7\u00f5es emergenciais<\/p>\n<\/li>\n<li data-start=\"2494\" data-end=\"2582\">\n<p data-start=\"2496\" data-end=\"2582\">\ud83d\udccd Presen\u00e7a ativa em <strong data-start=\"2517\" data-end=\"2582\">12 bairros de Ribeir\u00e3o das Neves e regi\u00e3o metropolitana de BH<\/strong><\/p>\n<\/li>\n<\/ul>\n<p data-start=\"2584\" data-end=\"2755\">Esses dados s\u00e3o fruto de um trabalho coletivo que envolve colaboradores, volunt\u00e1rios, doadores, parceiros p\u00fablicos e privados e, principalmente, a confian\u00e7a da comunidade.<\/p>\n<hr data-start=\"2757\" data-end=\"2760\" \/>\n<h3 data-start=\"2762\" data-end=\"2856\">\u201cMe senti vista, acolhida e valorizada\u201d \u2014 Depoimento de Andreia, moradora do bairro Veneza<\/h3>\n<blockquote data-start=\"2858\" data-end=\"3195\">\n<p data-start=\"2860\" data-end=\"3195\">\u201cEstava desempregada h\u00e1 meses, sem esperan\u00e7a. Fui ao Instituto achando que ia sair com uma cesta b\u00e1sica e encontrei muito mais. Fiz o curso de panifica\u00e7\u00e3o, comecei a vender e agora ajudo nas contas de casa. Me senti vista, acolhida e valorizada. Nunca imaginei que teria essa chance.\u201d<br data-start=\"3144\" data-end=\"3147\" \/>\u2014 Andreia Martins, 42 anos, m\u00e3e de tr\u00eas filhos<\/p>\n<\/blockquote>\n<hr data-start=\"3197\" data-end=\"3200\" \/>\n<h2 data-start=\"3202\" data-end=\"3261\">Juntos somos mais fortes: participe dessa transforma\u00e7\u00e3o!<\/h2>\n<p data-start=\"3263\" data-end=\"3509\">O recorde de atendimentos alcan\u00e7ado pelo Instituto Jonathan Rigueira \u00e9 motivo de comemora\u00e7\u00e3o, mas tamb\u00e9m de responsabilidade. A demanda por ajuda continua crescendo, e <strong data-start=\"3431\" data-end=\"3486\">precisamos de mais m\u00e3os, mais cora\u00e7\u00f5es e mais apoio<\/strong> para seguir avan\u00e7ando.<\/p>\n<p data-start=\"3511\" data-end=\"3539\">Voc\u00ea pode fazer parte disso:<\/p>\n<p data-start=\"3541\" data-end=\"3738\">\ud83d\udc49 <strong data-start=\"3544\" data-end=\"3557\">Doe agora<\/strong> \u2014 qualquer valor faz diferen\u00e7a<br data-start=\"3588\" data-end=\"3591\" \/>\ud83d\udc49 <strong data-start=\"3594\" data-end=\"3613\">Seja volunt\u00e1rio<\/strong> \u2014 suas habilidades podem mudar vidas<br data-start=\"3650\" data-end=\"3653\" \/>\ud83d\udc49 <strong data-start=\"3656\" data-end=\"3684\">Divulgue nossos projetos<\/strong> \u2014 quanto mais pessoas conhecerem, mais podemos ajudar<\/p>\n<p data-start=\"3740\" data-end=\"3893\"><strong data-start=\"3740\" data-end=\"3796\">Siga o Instituto Jonathan Rigueira nas redes sociais<\/strong>, compartilhe essa conquista e venha com a gente continuar escrevendo hist\u00f3rias de transforma\u00e7\u00e3o.<\/p>\n<hr data-start=\"3895\" data-end=\"3898\" \/>\n","protected":false},"excerpt":{"rendered":"<p>Instituto Jonathan Rigueira bate recorde de atendimentos no 1\u00ba semestre \u2013 veja os n\u00fameros A solidariedade tem se multiplicado em Ribeir\u00e3o das Neves. No primeiro semestre deste ano, o Instituto Jonathan Rigueira alcan\u00e7ou um marco hist\u00f3rico: mais de 12 mil atendimentos realizados em apenas seis meses. O n\u00famero expressivo reflete o compromisso crescente com a [&hellip;]<\/p>\n","protected":false},"author":1,"featured_media":0,"comment_status":"open","ping_status":"open","sticky":false,"template":"","format":"standard","meta":{"footnotes":""},"categories":[65],"tags":[],"class_list":["post-1991","post","type-post","status-publish","format-standard","hentry","category-noticias-institucionais"],"views":1,"_links":{"self":[{"href":"https:\/\/institutojr.ong.br\/index.php\/wp-json\/wp\/v2\/posts\/1991","targetHints":{"allow":["GET"]}}],"collection":[{"href":"https:\/\/institutojr.ong.br\/index.php\/wp-json\/wp\/v2\/posts"}],"about":[{"href":"https:\/\/institutojr.ong.br\/index.php\/wp-json\/wp\/v2\/types\/post"}],"author":[{"embeddable":true,"href":"https:\/\/institutojr.ong.br\/index.php\/wp-json\/wp\/v2\/users\/1"}],"replies":[{"embeddable":true,"href":"https:\/\/institutojr.ong.br\/index.php\/wp-json\/wp\/v2\/comments?post=1991"}],"version-history":[{"count":1,"href":"https:\/\/institutojr.ong.br\/index.php\/wp-json\/wp\/v2\/posts\/1991\/revisions"}],"predecessor-version":[{"id":1993,"href":"https:\/\/institutojr.ong.br\/index.php\/wp-json\/wp\/v2\/posts\/1991\/revisions\/1993"}],"wp:attachment":[{"href":"https:\/\/institutojr.ong.br\/index.php\/wp-json\/wp\/v2\/media?parent=1991"}],"wp:term":[{"taxonomy":"category","embeddable":true,"href":"https:\/\/institutojr.ong.br\/index.php\/wp-json\/wp\/v2\/categories?post=1991"},{"taxonomy":"post_tag","embeddable":true,"href":"https:\/\/institutojr.ong.br\/index.php\/wp-json\/wp\/v2\/tags?post=1991"}],"curies":[{"name":"wp","href":"https:\/\/api.w.org\/{rel}","templated":true}]}}