{"id":1988,"date":"2025-05-31T17:44:01","date_gmt":"2025-05-31T20:44:01","guid":{"rendered":"https:\/\/institutojr.ong.br\/?p=1988"},"modified":"2025-05-31T17:44:01","modified_gmt":"2025-05-31T20:44:01","slug":"nota-oficial-sobre-funcionamento-durante-feriados-e-recessos-no-instituto-jonathan-rigueira","status":"publish","type":"post","link":"https:\/\/institutojr.ong.br\/index.php\/2025\/05\/31\/nota-oficial-sobre-funcionamento-durante-feriados-e-recessos-no-instituto-jonathan-rigueira\/","title":{"rendered":"Nota oficial sobre funcionamento durante feriados e recessos no Instituto Jonathan Rigueira"},"content":{"rendered":"<h1 data-start=\"0\" data-end=\"96\">Nota oficial sobre funcionamento durante feriados e recessos no Instituto Jonathan Rigueira<\/h1>\n<p data-start=\"98\" data-end=\"486\">Durante os per\u00edodos de feriados e recessos, muitas fam\u00edlias atendidas pelo Instituto Jonathan Rigueira se perguntam como ficam os atendimentos, a\u00e7\u00f5es e servi\u00e7os sociais oferecidos regularmente. Compreendendo a import\u00e2ncia de manter a transpar\u00eancia e o planejamento conjunto com a comunidade, o Instituto publica oficialmente suas diretrizes de funcionamento para esses per\u00edodos especiais.<\/p>\n<p data-start=\"488\" data-end=\"625\"><strong data-start=\"488\" data-end=\"625\">Nosso compromisso com o bem-estar das fam\u00edlias n\u00e3o entra em recesso \u2014 apenas se adapta para continuar acolhendo com responsabilidade.<\/strong><\/p>\n<hr data-start=\"627\" data-end=\"630\" \/>\n<h2 data-start=\"632\" data-end=\"710\">Como funciona o Instituto Jonathan Rigueira durante os feriados e recessos?<\/h2>\n<p data-start=\"712\" data-end=\"1027\">Durante os feriados nacionais, estaduais e municipais, o Instituto Jonathan Rigueira segue um cronograma especial, com ajustes nos atendimentos presenciais, atividades comunit\u00e1rias e cursos. O objetivo \u00e9 garantir que <strong data-start=\"929\" data-end=\"967\">nenhuma fam\u00edlia fique desassistida<\/strong>, mesmo em datas comemorativas ou per\u00edodos de pausa oficial.<\/p>\n<p data-start=\"1029\" data-end=\"1395\">As a\u00e7\u00f5es emergenciais \u2014 como distribui\u00e7\u00e3o de cestas b\u00e1sicas, aux\u00edlio emergencial e atendimento a casos priorit\u00e1rios \u2014 <strong data-start=\"1147\" data-end=\"1193\">continuam funcionando em regime de plant\u00e3o<\/strong>, com volunt\u00e1rios previamente escalados. J\u00e1 os projetos cont\u00ednuos (como cursos, oficinas e atendimentos psicossociais) s\u00e3o reorganizados e retomados ap\u00f3s o recesso, com reposi\u00e7\u00f5es sempre que necess\u00e1rio.<\/p>\n<p data-start=\"1397\" data-end=\"1575\">A equipe administrativa tamb\u00e9m disponibiliza canais de atendimento online para d\u00favidas, orienta\u00e7\u00f5es e encaminhamentos, refor\u00e7ando nosso compromisso com a continuidade do cuidado.<\/p>\n<hr data-start=\"1577\" data-end=\"1580\" \/>\n<h2 data-start=\"1582\" data-end=\"1633\">Quais servi\u00e7os funcionam em feriados e recessos?<\/h2>\n<p data-start=\"1635\" data-end=\"1701\">Confira abaixo os principais ajustes e o que continua funcionando:<\/p>\n<ul data-start=\"1703\" data-end=\"2159\">\n<li data-start=\"1703\" data-end=\"1824\">\n<p data-start=\"1705\" data-end=\"1824\">\ud83d\udce6 <strong data-start=\"1708\" data-end=\"1741\">Plant\u00e3o de Assist\u00eancia Social<\/strong>: atendimento a urg\u00eancias e demandas priorit\u00e1rias, com distribui\u00e7\u00e3o de mantimentos.<\/p>\n<\/li>\n<li data-start=\"1825\" data-end=\"1926\">\n<p data-start=\"1827\" data-end=\"1926\">\ud83e\uddd1\u200d\ud83d\udcbb <strong data-start=\"1833\" data-end=\"1851\">Suporte online<\/strong>: WhatsApp e e-mail para d\u00favidas sobre inscri\u00e7\u00f5es, projetos e agendamentos.<\/p>\n<\/li>\n<li data-start=\"1927\" data-end=\"2043\">\n<p data-start=\"1929\" data-end=\"2043\">\ud83d\udcda <strong data-start=\"1932\" data-end=\"1954\">Reposi\u00e7\u00e3o de aulas<\/strong>: cursos e oficinas com recesso ter\u00e3o calend\u00e1rio de reposi\u00e7\u00e3o publicado com anteced\u00eancia.<\/p>\n<\/li>\n<li data-start=\"2044\" data-end=\"2159\">\n<p data-start=\"2046\" data-end=\"2159\">\ud83d\uddd3\ufe0f <strong data-start=\"2050\" data-end=\"2087\">Calend\u00e1rio anual de funcionamento<\/strong>: divulgado todo in\u00edcio de ano no site e nas redes sociais do Instituto.<\/p>\n<\/li>\n<\/ul>\n<p data-start=\"2161\" data-end=\"2326\">Todos os comunicados s\u00e3o enviados com anteced\u00eancia aos grupos de benefici\u00e1rios, por WhatsApp e redes sociais, para que ningu\u00e9m perca prazos ou fique sem atendimento.<\/p>\n<hr data-start=\"2328\" data-end=\"2331\" \/>\n<h3 data-start=\"2333\" data-end=\"2435\">\u00a0\u201cMesmo no feriado, o Instituto nos acolheu\u201d \u2014 Testemunho de Fabiana, moradora de Justin\u00f3polis<\/h3>\n<blockquote data-start=\"2437\" data-end=\"2836\">\n<p data-start=\"2439\" data-end=\"2836\">\u201cNo Natal passado, meu marido ficou desempregado e n\u00e3o t\u00ednhamos o que p\u00f4r na mesa. Eu achei que tudo estaria fechado, mas o Instituto Jonathan Rigueira manteve o plant\u00e3o. Recebi uma cesta b\u00e1sica no mesmo dia e, mais que isso, fui recebida com carinho. Esse apoio n\u00e3o tem pre\u00e7o. Eles n\u00e3o param porque a fome n\u00e3o espera.\u201d<br data-start=\"2758\" data-end=\"2761\" \/>\u2014 Fabiana Souza, 38 anos, beneficiada pelo projeto de seguran\u00e7a alimentar<\/p>\n<\/blockquote>\n<hr data-start=\"2838\" data-end=\"2841\" \/>\n<h2 data-start=\"2843\" data-end=\"2900\">Acompanhe os avisos oficiais e fique sempre por dentro<\/h2>\n<p data-start=\"2902\" data-end=\"3082\">Para que todos os benefici\u00e1rios e parceiros estejam bem informados, \u00e9 fundamental acompanhar os canais oficiais do Instituto Jonathan Rigueira. Al\u00e9m de notas como esta, divulgamos:<\/p>\n<ul data-start=\"3084\" data-end=\"3222\">\n<li data-start=\"3084\" data-end=\"3126\">\n<p data-start=\"3086\" data-end=\"3126\">\ud83d\udcc5 Calend\u00e1rios de atendimento e feriados<\/p>\n<\/li>\n<li data-start=\"3127\" data-end=\"3173\">\n<p data-start=\"3129\" data-end=\"3173\">\ud83d\udce2 Avisos de recesso e plant\u00f5es emergenciais<\/p>\n<\/li>\n<li data-start=\"3174\" data-end=\"3222\">\n<p data-start=\"3176\" data-end=\"3222\">\ud83d\udcac Informa\u00e7\u00f5es sobre remarca\u00e7\u00f5es e novas datas<\/p>\n<\/li>\n<\/ul>\n<p data-start=\"3224\" data-end=\"3364\"><strong data-start=\"3224\" data-end=\"3364\">Siga o Instituto nas redes sociais e cadastre-se na nossa lista de transmiss\u00e3o no WhatsApp para n\u00e3o perder nenhum comunicado importante.<\/strong><\/p>\n<p data-start=\"3366\" data-end=\"3529\">\ud83d\udc49 E se voc\u00ea acredita nessa causa, <strong data-start=\"3401\" data-end=\"3458\">ajude a manter nossas a\u00e7\u00f5es ativas mesmo nos feriados<\/strong>. Fa\u00e7a uma doa\u00e7\u00e3o, compartilhe nossos projetos ou venha ser volunt\u00e1rio!<\/p>\n<hr data-start=\"3531\" data-end=\"3534\" \/>\n","protected":false},"excerpt":{"rendered":"<p>Nota oficial sobre funcionamento durante feriados e recessos no Instituto Jonathan Rigueira Durante os per\u00edodos de feriados e recessos, muitas fam\u00edlias atendidas pelo Instituto Jonathan Rigueira se perguntam como ficam os atendimentos, a\u00e7\u00f5es e servi\u00e7os sociais oferecidos regularmente. Compreendendo a import\u00e2ncia de manter a transpar\u00eancia e o planejamento conjunto com a comunidade, o Instituto publica [&hellip;]<\/p>\n","protected":false},"author":1,"featured_media":0,"comment_status":"open","ping_status":"open","sticky":false,"template":"","format":"standard","meta":{"footnotes":""},"categories":[65],"tags":[],"class_list":["post-1988","post","type-post","status-publish","format-standard","hentry","category-noticias-institucionais"],"views":2,"_links":{"self":[{"href":"https:\/\/institutojr.ong.br\/index.php\/wp-json\/wp\/v2\/posts\/1988","targetHints":{"allow":["GET"]}}],"collection":[{"href":"https:\/\/institutojr.ong.br\/index.php\/wp-json\/wp\/v2\/posts"}],"about":[{"href":"https:\/\/institutojr.ong.br\/index.php\/wp-json\/wp\/v2\/types\/post"}],"author":[{"embeddable":true,"href":"https:\/\/institutojr.ong.br\/index.php\/wp-json\/wp\/v2\/users\/1"}],"replies":[{"embeddable":true,"href":"https:\/\/institutojr.ong.br\/index.php\/wp-json\/wp\/v2\/comments?post=1988"}],"version-history":[{"count":1,"href":"https:\/\/institutojr.ong.br\/index.php\/wp-json\/wp\/v2\/posts\/1988\/revisions"}],"predecessor-version":[{"id":1990,"href":"https:\/\/institutojr.ong.br\/index.php\/wp-json\/wp\/v2\/posts\/1988\/revisions\/1990"}],"wp:attachment":[{"href":"https:\/\/institutojr.ong.br\/index.php\/wp-json\/wp\/v2\/media?parent=1988"}],"wp:term":[{"taxonomy":"category","embeddable":true,"href":"https:\/\/institutojr.ong.br\/index.php\/wp-json\/wp\/v2\/categories?post=1988"},{"taxonomy":"post_tag","embeddable":true,"href":"https:\/\/institutojr.ong.br\/index.php\/wp-json\/wp\/v2\/tags?post=1988"}],"curies":[{"name":"wp","href":"https:\/\/api.w.org\/{rel}","templated":true}]}}