{"id":1985,"date":"2025-05-31T17:42:19","date_gmt":"2025-05-31T20:42:19","guid":{"rendered":"https:\/\/institutojr.ong.br\/?p=1985"},"modified":"2025-05-31T18:42:03","modified_gmt":"2025-05-31T21:42:03","slug":"instituto-jonathan-rigueira-assina-convenio-com-prefeitura-para-ampliar-atendimentos","status":"publish","type":"post","link":"https:\/\/institutojr.ong.br\/index.php\/2025\/05\/31\/instituto-jonathan-rigueira-assina-convenio-com-prefeitura-para-ampliar-atendimentos\/","title":{"rendered":"Instituto Jonathan Rigueira assina conv\u00eanio com prefeitura para ampliar atendimentos"},"content":{"rendered":"<h1 data-start=\"0\" data-end=\"90\">Instituto Jonathan Rigueira assina conv\u00eanio com prefeitura para ampliar atendimentos<\/h1>\n<p data-start=\"92\" data-end=\"550\">Em um momento crucial para o fortalecimento das pol\u00edticas p\u00fablicas de inclus\u00e3o social, o Instituto Jonathan Rigueira deu um passo decisivo rumo \u00e0 amplia\u00e7\u00e3o de seu impacto em Ribeir\u00e3o das Neves. Com a assinatura oficial de um conv\u00eanio com a Prefeitura Municipal, o Instituto consolida uma parceria estrat\u00e9gica que visa <strong data-start=\"410\" data-end=\"549\">aumentar o n\u00famero de atendimentos, expandir os servi\u00e7os oferecidos e alcan\u00e7ar ainda mais fam\u00edlias em situa\u00e7\u00e3o de vulnerabilidade social<\/strong>.<\/p>\n<p data-start=\"552\" data-end=\"720\">Essa uni\u00e3o entre poder p\u00fablico e sociedade civil organizada mostra que, quando diferentes setores se unem em prol do bem comum, <strong data-start=\"680\" data-end=\"719\">quem mais precisa \u00e9 quem mais ganha<\/strong>.<\/p>\n<h2 data-start=\"722\" data-end=\"769\">O que significa o conv\u00eanio com a prefeitura?<\/h2>\n<p data-start=\"771\" data-end=\"1065\">O conv\u00eanio entre o Instituto Jonathan Rigueira e a Prefeitura de Ribeir\u00e3o das Neves foi formalizado no in\u00edcio deste m\u00eas e representa a jun\u00e7\u00e3o de esfor\u00e7os para promover a\u00e7\u00f5es conjuntas nas \u00e1reas de <strong data-start=\"968\" data-end=\"1064\">educa\u00e7\u00e3o, qualifica\u00e7\u00e3o profissional, sa\u00fade preventiva, assist\u00eancia social e gera\u00e7\u00e3o de renda<\/strong>.<\/p>\n<p data-start=\"1067\" data-end=\"1471\">A parceria garante apoio log\u00edstico, cess\u00e3o de espa\u00e7os p\u00fablicos, destina\u00e7\u00e3o de recursos e integra\u00e7\u00e3o com pol\u00edticas j\u00e1 existentes nos Centros de Refer\u00eancia de Assist\u00eancia Social (CRAS) e escolas municipais. Com isso, o Instituto poder\u00e1 <strong data-start=\"1301\" data-end=\"1367\">multiplicar seus atendimentos e criar novas frentes de atua\u00e7\u00e3o<\/strong>, como mutir\u00f5es itinerantes, forma\u00e7\u00f5es descentralizadas nos bairros e atendimento psicossocial gratuito.<\/p>\n<p data-start=\"1473\" data-end=\"1689\">Mais do que um acordo burocr\u00e1tico, esse conv\u00eanio \u00e9 um pacto pela dignidade humana, que fortalece a rede de prote\u00e7\u00e3o social da cidade e torna o atendimento mais acess\u00edvel a quem, muitas vezes, n\u00e3o tem sequer o b\u00e1sico.<\/p>\n<h2 data-start=\"1691\" data-end=\"1740\">Dados e impactos previstos com o novo conv\u00eanio<\/h2>\n<p data-start=\"1742\" data-end=\"1924\">Com a parceria firmada, o Instituto Jonathan Rigueira estima um salto significativo no alcance de suas a\u00e7\u00f5es sociais. Veja os dados que revelam o potencial transformador dessa uni\u00e3o:<\/p>\n<ul data-start=\"1926\" data-end=\"2319\">\n<li data-start=\"1926\" data-end=\"2004\">\n<p data-start=\"1928\" data-end=\"2004\">\ud83d\udccd <strong data-start=\"1931\" data-end=\"2004\">Amplia\u00e7\u00e3o de 3 para 9 regi\u00f5es de atua\u00e7\u00e3o direta em Ribeir\u00e3o das Neves<\/strong><\/p>\n<\/li>\n<li data-start=\"2005\" data-end=\"2079\">\n<p data-start=\"2007\" data-end=\"2079\">\ud83d\udc65 <strong data-start=\"2010\" data-end=\"2079\">Capacidade de atendimento ampliada para at\u00e9 5.000 pessoas por m\u00eas<\/strong><\/p>\n<\/li>\n<li data-start=\"2080\" data-end=\"2166\">\n<p data-start=\"2082\" data-end=\"2166\">\ud83e\uddd1\u200d\ud83c\udfeb <strong data-start=\"2088\" data-end=\"2166\">Abertura de 300 novas vagas mensais em cursos de qualifica\u00e7\u00e3o profissional<\/strong><\/p>\n<\/li>\n<li data-start=\"2167\" data-end=\"2244\">\n<p data-start=\"2169\" data-end=\"2244\">\ud83c\udfeb <strong data-start=\"2172\" data-end=\"2244\">Integra\u00e7\u00e3o com 12 escolas p\u00fablicas para atividades extracurriculares<\/strong><\/p>\n<\/li>\n<li data-start=\"2245\" data-end=\"2319\">\n<p data-start=\"2247\" data-end=\"2319\">\ud83e\uddd8\u200d\u2640\ufe0f <strong data-start=\"2253\" data-end=\"2319\">Oferta de atendimentos em sa\u00fade mental e bem-estar comunit\u00e1rio<\/strong><\/p>\n<\/li>\n<\/ul>\n<p data-start=\"2321\" data-end=\"2518\">Al\u00e9m disso, ser\u00e1 poss\u00edvel realizar <strong data-start=\"2356\" data-end=\"2403\">a\u00e7\u00f5es simult\u00e2neas em bairros mais afastados<\/strong>, com infraestrutura e apoio das secretarias municipais, otimizando recursos e fortalecendo o elo com a comunidade.<\/p>\n<h2 data-start=\"2520\" data-end=\"2614\">\u201cAgora a ajuda vai chegar mais perto de quem precisa\u201d \u2014 Maria Clara, assistente social<\/h2>\n<blockquote data-start=\"2616\" data-end=\"3007\">\n<p data-start=\"2618\" data-end=\"3007\">\u201cTrabalho com fam\u00edlias carentes h\u00e1 mais de 15 anos e sei o quanto faz diferen\u00e7a quando a a\u00e7\u00e3o social vai at\u00e9 onde as pessoas est\u00e3o. Esse conv\u00eanio \u00e9 um avan\u00e7o enorme. Agora, o Instituto vai poder atuar mais perto de quem realmente precisa, com mais estrutura e apoio. \u00c9 uma esperan\u00e7a nova que se acende para muita gente.\u201d<br data-start=\"2938\" data-end=\"2941\" \/>\u2014 Maria Clara Pereira, assistente social e parceira do Instituto<\/p>\n<\/blockquote>\n<h2 data-start=\"3009\" data-end=\"3045\">Juntos, podemos fazer ainda mais!<\/h2>\n<p data-start=\"3047\" data-end=\"3216\">A assinatura deste conv\u00eanio \u00e9 uma conquista coletiva \u2014 resultado da confian\u00e7a que a comunidade deposita no trabalho do Instituto Jonathan Rigueira. E isso \u00e9 s\u00f3 o come\u00e7o.<\/p>\n<p data-start=\"3218\" data-end=\"3316\">Para que mais vidas sejam transformadas, <strong data-start=\"3259\" data-end=\"3304\">sua participa\u00e7\u00e3o continua sendo essencial<\/strong>. Voc\u00ea pode:<\/p>\n<ul data-start=\"3318\" data-end=\"3571\">\n<li data-start=\"3318\" data-end=\"3386\">\n<p data-start=\"3320\" data-end=\"3386\">\ud83d\udcf2 Acompanhar e divulgar as a\u00e7\u00f5es do Instituto nas redes sociais<\/p>\n<\/li>\n<li data-start=\"3387\" data-end=\"3452\">\n<p data-start=\"3389\" data-end=\"3452\">\ud83d\udc96 Fazer uma doa\u00e7\u00e3o recorrente para manter os projetos ativos<\/p>\n<\/li>\n<li data-start=\"3453\" data-end=\"3512\">\n<p data-start=\"3455\" data-end=\"3512\">\ud83d\ude4c Se voluntariar nas atividades presenciais e mutir\u00f5es<\/p>\n<\/li>\n<li data-start=\"3513\" data-end=\"3571\">\n<p data-start=\"3515\" data-end=\"3571\">\ud83d\udde3\ufe0f Indicar pessoas que precisam de ajuda ou capacita\u00e7\u00e3o<\/p>\n<\/li>\n<\/ul>\n<p data-start=\"3573\" data-end=\"3674\"><strong data-start=\"3573\" data-end=\"3674\">A transforma\u00e7\u00e3o come\u00e7a quando a solidariedade encontra oportunidade. E voc\u00ea pode ser parte disso.<\/strong><\/p>\n","protected":false},"excerpt":{"rendered":"<p>Instituto Jonathan Rigueira assina conv\u00eanio com prefeitura para ampliar atendimentos Em um momento crucial para o fortalecimento das pol\u00edticas p\u00fablicas de inclus\u00e3o social, o Instituto Jonathan Rigueira deu um passo decisivo rumo \u00e0 amplia\u00e7\u00e3o de seu impacto em Ribeir\u00e3o das Neves. Com a assinatura oficial de um conv\u00eanio com a Prefeitura Municipal, o Instituto consolida [&hellip;]<\/p>\n","protected":false},"author":1,"featured_media":0,"comment_status":"open","ping_status":"open","sticky":false,"template":"","format":"standard","meta":{"footnotes":""},"categories":[65],"tags":[],"class_list":["post-1985","post","type-post","status-publish","format-standard","hentry","category-noticias-institucionais"],"views":1,"_links":{"self":[{"href":"https:\/\/institutojr.ong.br\/index.php\/wp-json\/wp\/v2\/posts\/1985","targetHints":{"allow":["GET"]}}],"collection":[{"href":"https:\/\/institutojr.ong.br\/index.php\/wp-json\/wp\/v2\/posts"}],"about":[{"href":"https:\/\/institutojr.ong.br\/index.php\/wp-json\/wp\/v2\/types\/post"}],"author":[{"embeddable":true,"href":"https:\/\/institutojr.ong.br\/index.php\/wp-json\/wp\/v2\/users\/1"}],"replies":[{"embeddable":true,"href":"https:\/\/institutojr.ong.br\/index.php\/wp-json\/wp\/v2\/comments?post=1985"}],"version-history":[{"count":1,"href":"https:\/\/institutojr.ong.br\/index.php\/wp-json\/wp\/v2\/posts\/1985\/revisions"}],"predecessor-version":[{"id":1987,"href":"https:\/\/institutojr.ong.br\/index.php\/wp-json\/wp\/v2\/posts\/1985\/revisions\/1987"}],"wp:attachment":[{"href":"https:\/\/institutojr.ong.br\/index.php\/wp-json\/wp\/v2\/media?parent=1985"}],"wp:term":[{"taxonomy":"category","embeddable":true,"href":"https:\/\/institutojr.ong.br\/index.php\/wp-json\/wp\/v2\/categories?post=1985"},{"taxonomy":"post_tag","embeddable":true,"href":"https:\/\/institutojr.ong.br\/index.php\/wp-json\/wp\/v2\/tags?post=1985"}],"curies":[{"name":"wp","href":"https:\/\/api.w.org\/{rel}","templated":true}]}}