{"id":1982,"date":"2025-05-31T17:36:06","date_gmt":"2025-05-31T20:36:06","guid":{"rendered":"https:\/\/institutojr.ong.br\/?p=1982"},"modified":"2025-05-31T17:36:06","modified_gmt":"2025-05-31T20:36:06","slug":"feira-de-empreendedores-locais-veja-os-talentos-revelados-pelos-cursos-do-instituto-jonathan-rigueira","status":"publish","type":"post","link":"https:\/\/institutojr.ong.br\/index.php\/2025\/05\/31\/feira-de-empreendedores-locais-veja-os-talentos-revelados-pelos-cursos-do-instituto-jonathan-rigueira\/","title":{"rendered":"Feira de Empreendedores Locais: veja os talentos revelados pelos cursos do Instituto Jonathan Rigueira"},"content":{"rendered":"<h1 data-start=\"0\" data-end=\"108\">Feira de Empreendedores Locais: veja os talentos revelados pelos cursos do Instituto Jonathan Rigueira<\/h1>\n<p data-start=\"110\" data-end=\"667\">Em um cen\u00e1rio onde o desemprego ainda assombra milhares de brasileiros, principalmente nas periferias e comunidades menos assistidas, iniciativas de fomento ao empreendedorismo t\u00eam se mostrado uma poderosa ferramenta de transforma\u00e7\u00e3o social. A <strong data-start=\"354\" data-end=\"388\">Feira de Empreendedores Locais<\/strong>, promovida pelo Instituto Jonathan Rigueira, nasceu exatamente com esse prop\u00f3sito: <strong data-start=\"472\" data-end=\"554\">dar visibilidade e oportunidade para talentos escondidos em Ribeir\u00e3o das Neves<\/strong>, que encontraram nos cursos do Instituto um novo caminho para gerar renda e sonhar com independ\u00eancia financeira.<\/p>\n<h2 data-start=\"669\" data-end=\"713\">O que \u00e9 a Feira de Empreendedores Locais?<\/h2>\n<p data-start=\"715\" data-end=\"968\">A Feira de Empreendedores Locais \u00e9 um evento organizado periodicamente pelo Instituto Jonathan Rigueira com o objetivo de apresentar ao p\u00fablico os projetos, produtos e servi\u00e7os criados por alunos que passaram por capacita\u00e7\u00f5es oferecidas gratuitamente.<\/p>\n<p data-start=\"970\" data-end=\"1312\">Esses cursos, focados em \u00e1reas como <strong data-start=\"1006\" data-end=\"1103\">gastronomia, artesanato, est\u00e9tica, costura, marcenaria, jardinagem e empreendedorismo digital<\/strong>, preparam moradores da regi\u00e3o para transformar habilidades em pequenos neg\u00f3cios lucrativos. A feira, portanto, \u00e9 a grande vitrine \u2014 um espa\u00e7o para exposi\u00e7\u00e3o, vendas, networking e fortalecimento da autoestima.<\/p>\n<p data-start=\"1314\" data-end=\"1683\">Durante o evento, os visitantes encontram desde doces artesanais e produtos de beleza naturais at\u00e9 artigos de decora\u00e7\u00e3o e roupas feitas \u00e0 m\u00e3o. Cada barraca carrega uma hist\u00f3ria de supera\u00e7\u00e3o, aprendizado e muita dedica\u00e7\u00e3o. Al\u00e9m disso, a feira conta com m\u00fasica ao vivo, pra\u00e7a de alimenta\u00e7\u00e3o, atividades infantis e espa\u00e7os de orienta\u00e7\u00e3o para quem deseja empreender tamb\u00e9m.<\/p>\n<h2 data-start=\"1685\" data-end=\"1736\">Resultados concretos da feira de talentos locais<\/h2>\n<p data-start=\"1738\" data-end=\"1978\">A Feira de Empreendedores Locais vai al\u00e9m de um simples evento. Ela \u00e9 parte de um ciclo completo de impacto social que envolve capacita\u00e7\u00e3o, incentivo e retorno financeiro para os participantes. Confira alguns resultados das \u00faltimas edi\u00e7\u00f5es:<\/p>\n<ul data-start=\"1980\" data-end=\"2414\">\n<li data-start=\"1980\" data-end=\"2060\">\n<p data-start=\"1982\" data-end=\"2060\">\ud83d\udecd\ufe0f <strong data-start=\"1986\" data-end=\"2058\">Mais de 60 ex-alunos do Instituto participaram com estandes pr\u00f3prios<\/strong><\/p>\n<\/li>\n<li data-start=\"2061\" data-end=\"2140\">\n<p data-start=\"2063\" data-end=\"2140\">\ud83d\udcb0 <strong data-start=\"2066\" data-end=\"2138\">R$ 23.500,00 em vendas realizadas em um \u00fanico fim de semana de feira<\/strong><\/p>\n<\/li>\n<li data-start=\"2141\" data-end=\"2216\">\n<p data-start=\"2143\" data-end=\"2216\">\ud83d\udc69\u200d\ud83c\udf73 <strong data-start=\"2149\" data-end=\"2214\">25 novos microempreendedores formalizados ap\u00f3s o evento (MEI)<\/strong><\/p>\n<\/li>\n<li data-start=\"2217\" data-end=\"2313\">\n<p data-start=\"2219\" data-end=\"2313\">\ud83c\udf1f <strong data-start=\"2222\" data-end=\"2311\">8 participantes conseguiram parcerias comerciais permanentes com lojas e fornecedores<\/strong><\/p>\n<\/li>\n<li data-start=\"2314\" data-end=\"2414\">\n<p data-start=\"2316\" data-end=\"2414\">\ud83d\udcc8 <strong data-start=\"2319\" data-end=\"2414\">95% dos expositores relataram aumento na autoestima e motiva\u00e7\u00e3o para continuar empreendendo<\/strong><\/p>\n<\/li>\n<\/ul>\n<p data-start=\"2416\" data-end=\"2557\">Al\u00e9m disso, o evento atraiu <strong data-start=\"2444\" data-end=\"2472\">mais de 2.000 visitantes<\/strong>, gerando movimenta\u00e7\u00e3o econ\u00f4mica local e novas oportunidades de neg\u00f3cios e parcerias.<\/p>\n<h2 data-start=\"2559\" data-end=\"2651\">Depoimento : \u201cMinha renda triplicou depois da feira\u201d \u2014 Carla, ex-aluna de Gastronomia<\/h2>\n<blockquote data-start=\"2653\" data-end=\"3142\">\n<p data-start=\"2655\" data-end=\"3142\">\u201cEu sempre amei cozinhar, mas achava que isso nunca seria uma profiss\u00e3o de verdade. Quando vi o curso de culin\u00e1ria do Instituto, me inscrevi meio desacreditada. Aprendi t\u00e9cnicas novas, tive aulas de como precificar e embalar meus produtos. Quando participei da feira, vendi tudo no primeiro dia! Hoje, trabalho por encomenda, tenho meu Instagram de doces e consigo sustentar minha casa sozinha. Minha renda triplicou depois da feira.\u201d<br data-start=\"3089\" data-end=\"3092\" \/>\u2014 Carla Souza, 34 anos, moradora de Justin\u00f3polis<\/p>\n<\/blockquote>\n<h2 data-start=\"3144\" data-end=\"3206\">Participe, apoie ou indique quem precisa dessa oportunidade<\/h2>\n<p data-start=\"3208\" data-end=\"3449\">A <strong data-start=\"3210\" data-end=\"3244\">Feira de Empreendedores Locais<\/strong> mostra que <strong data-start=\"3256\" data-end=\"3302\">n\u00e3o faltam talentos \u2014 faltam oportunidades<\/strong>. E o Instituto Jonathan Rigueira segue firme em sua miss\u00e3o de capacitar, valorizar e dar palco para quem sonha em transformar a pr\u00f3pria realidade.<\/p>\n<p data-start=\"3451\" data-end=\"3466\">Se voc\u00ea deseja:<\/p>\n<ul data-start=\"3467\" data-end=\"3633\">\n<li data-start=\"3467\" data-end=\"3523\">\n<p data-start=\"3469\" data-end=\"3523\">Participar da pr\u00f3xima edi\u00e7\u00e3o da feira como expositor<\/p>\n<\/li>\n<li data-start=\"3524\" data-end=\"3582\">\n<p data-start=\"3526\" data-end=\"3582\">Indicar algu\u00e9m para os cursos de capacita\u00e7\u00e3o gratuitos<\/p>\n<\/li>\n<li data-start=\"3583\" data-end=\"3633\">\n<p data-start=\"3585\" data-end=\"3633\">Contribuir com materiais, doa\u00e7\u00f5es ou parcerias<\/p>\n<\/li>\n<\/ul>\n<p data-start=\"3635\" data-end=\"3762\">\ud83d\udc49 <strong data-start=\"3638\" data-end=\"3762\">Entre em contato com o Instituto. Juntos, podemos revelar ainda mais talentos e transformar vidas com dignidade e renda.<\/strong><\/p>\n<p data-start=\"3764\" data-end=\"3878\">\ud83d\udd17 Acompanhe nossas redes sociais para ver fotos dos expositores, v\u00eddeos dos cursos e novidades da pr\u00f3xima edi\u00e7\u00e3o!<\/p>\n","protected":false},"excerpt":{"rendered":"<p>Feira de Empreendedores Locais: veja os talentos revelados pelos cursos do Instituto Jonathan Rigueira Em um cen\u00e1rio onde o desemprego ainda assombra milhares de brasileiros, principalmente nas periferias e comunidades menos assistidas, iniciativas de fomento ao empreendedorismo t\u00eam se mostrado uma poderosa ferramenta de transforma\u00e7\u00e3o social. A Feira de Empreendedores Locais, promovida pelo Instituto Jonathan [&hellip;]<\/p>\n","protected":false},"author":1,"featured_media":0,"comment_status":"open","ping_status":"open","sticky":false,"template":"","format":"standard","meta":{"footnotes":""},"categories":[57],"tags":[],"class_list":["post-1982","post","type-post","status-publish","format-standard","hentry","category-emprego-e-renda"],"views":2,"_links":{"self":[{"href":"https:\/\/institutojr.ong.br\/index.php\/wp-json\/wp\/v2\/posts\/1982","targetHints":{"allow":["GET"]}}],"collection":[{"href":"https:\/\/institutojr.ong.br\/index.php\/wp-json\/wp\/v2\/posts"}],"about":[{"href":"https:\/\/institutojr.ong.br\/index.php\/wp-json\/wp\/v2\/types\/post"}],"author":[{"embeddable":true,"href":"https:\/\/institutojr.ong.br\/index.php\/wp-json\/wp\/v2\/users\/1"}],"replies":[{"embeddable":true,"href":"https:\/\/institutojr.ong.br\/index.php\/wp-json\/wp\/v2\/comments?post=1982"}],"version-history":[{"count":1,"href":"https:\/\/institutojr.ong.br\/index.php\/wp-json\/wp\/v2\/posts\/1982\/revisions"}],"predecessor-version":[{"id":1984,"href":"https:\/\/institutojr.ong.br\/index.php\/wp-json\/wp\/v2\/posts\/1982\/revisions\/1984"}],"wp:attachment":[{"href":"https:\/\/institutojr.ong.br\/index.php\/wp-json\/wp\/v2\/media?parent=1982"}],"wp:term":[{"taxonomy":"category","embeddable":true,"href":"https:\/\/institutojr.ong.br\/index.php\/wp-json\/wp\/v2\/categories?post=1982"},{"taxonomy":"post_tag","embeddable":true,"href":"https:\/\/institutojr.ong.br\/index.php\/wp-json\/wp\/v2\/tags?post=1982"}],"curies":[{"name":"wp","href":"https:\/\/api.w.org\/{rel}","templated":true}]}}