{"id":1979,"date":"2025-05-31T17:34:56","date_gmt":"2025-05-31T20:34:56","guid":{"rendered":"https:\/\/institutojr.ong.br\/?p=1979"},"modified":"2025-05-31T17:34:56","modified_gmt":"2025-05-31T20:34:56","slug":"profissoes-em-alta-para-quem-esta-comecando-do-zero-oportunidades-com-apoio-do-instituto-jonathan-rigueira","status":"publish","type":"post","link":"https:\/\/institutojr.ong.br\/index.php\/2025\/05\/31\/profissoes-em-alta-para-quem-esta-comecando-do-zero-oportunidades-com-apoio-do-instituto-jonathan-rigueira\/","title":{"rendered":"Profiss\u00f5es em alta para quem est\u00e1 come\u00e7ando do zero: oportunidades com apoio do Instituto Jonathan Rigueira"},"content":{"rendered":"<h1 data-start=\"0\" data-end=\"112\">Profiss\u00f5es em alta para quem est\u00e1 come\u00e7ando do zero: oportunidades com apoio do Instituto Jonathan Rigueira<\/h1>\n<p data-start=\"114\" data-end=\"662\">Em tempos de crise econ\u00f4mica e altos \u00edndices de desemprego, milhares de pessoas se veem diante de um desafio: como come\u00e7ar do zero, sem experi\u00eancia e com poucos recursos? Para muitos moradores de comunidades como Ribeir\u00e3o das Neves, esse cen\u00e1rio pode parecer um beco sem sa\u00edda. Mas a realidade muda quando <strong data-start=\"420\" data-end=\"464\">existe apoio, orienta\u00e7\u00e3o e oportunidade.<\/strong><br data-start=\"464\" data-end=\"467\" \/>O Instituto Jonathan Rigueira tem sido um farol de esperan\u00e7a nesse caminho, conectando jovens e adultos com <strong data-start=\"575\" data-end=\"608\">profiss\u00f5es em alta no mercado<\/strong> \u2014 mesmo aqueles que n\u00e3o possuem experi\u00eancia anterior.<\/p>\n<h2 data-start=\"664\" data-end=\"732\">Quais s\u00e3o as profiss\u00f5es em alta para quem est\u00e1 come\u00e7ando do zero?<\/h2>\n<p data-start=\"734\" data-end=\"1123\">Com base em pesquisas de empregabilidade, parcerias com empresas locais e a pr\u00f3pria experi\u00eancia em a\u00e7\u00f5es de capacita\u00e7\u00e3o, o Instituto mapeou <strong data-start=\"874\" data-end=\"971\">as \u00e1reas com maior potencial de contrata\u00e7\u00e3o e crescimento para quem est\u00e1 entrando no mercado.<\/strong><br data-start=\"971\" data-end=\"974\" \/>S\u00e3o profiss\u00f5es que exigem mais for\u00e7a de vontade do que forma\u00e7\u00e3o t\u00e9cnica, e que podem ser um ponto de partida para uma carreira s\u00f3lida e bem-sucedida.<\/p>\n<h3 data-start=\"1125\" data-end=\"1175\">Principais \u00e1reas com oportunidades acess\u00edveis:<\/h3>\n<ol data-start=\"1177\" data-end=\"2140\">\n<li data-start=\"1177\" data-end=\"1305\">\n<p data-start=\"1180\" data-end=\"1305\"><strong data-start=\"1180\" data-end=\"1205\">Auxiliar de Log\u00edstica<\/strong> \u2013 O crescimento dos centros de distribui\u00e7\u00e3o e do e-commerce abriu in\u00fameras vagas para iniciantes.<\/p>\n<\/li>\n<li data-start=\"1306\" data-end=\"1440\">\n<p data-start=\"1309\" data-end=\"1440\"><strong data-start=\"1309\" data-end=\"1342\">Operador de Caixa e Repositor<\/strong> \u2013 O com\u00e9rcio local continua contratando, especialmente quem mostra responsabilidade e educa\u00e7\u00e3o.<\/p>\n<\/li>\n<li data-start=\"1441\" data-end=\"1548\">\n<p data-start=\"1444\" data-end=\"1548\"><strong data-start=\"1444\" data-end=\"1486\">Servi\u00e7os Gerais e Limpeza Profissional<\/strong> \u2013 Empresas valorizam dedica\u00e7\u00e3o, pontualidade e organiza\u00e7\u00e3o.<\/p>\n<\/li>\n<li data-start=\"1549\" data-end=\"1697\">\n<p data-start=\"1552\" data-end=\"1697\"><strong data-start=\"1552\" data-end=\"1588\">Atendente de Telemarketing e SAC<\/strong> \u2013 O setor de atendimento remoto segue contratando mesmo sem experi\u00eancia, com possibilidade de crescimento.<\/p>\n<\/li>\n<li data-start=\"1698\" data-end=\"1835\">\n<p data-start=\"1701\" data-end=\"1835\"><strong data-start=\"1701\" data-end=\"1728\">Auxiliar Administrativo<\/strong> \u2013 Com cursos b\u00e1sicos de inform\u00e1tica, muitos jovens ingressam em empresas com boas chances de efetiva\u00e7\u00e3o.<\/p>\n<\/li>\n<li data-start=\"1836\" data-end=\"1971\">\n<p data-start=\"1839\" data-end=\"1971\"><strong data-start=\"1839\" data-end=\"1860\">Est\u00e9tica e Beleza<\/strong> \u2013 Cursos r\u00e1pidos de manicure, design de sobrancelhas e trancista abrem portas para o empreendedorismo local.<\/p>\n<\/li>\n<li data-start=\"1972\" data-end=\"2140\">\n<p data-start=\"1975\" data-end=\"2140\"><strong data-start=\"1975\" data-end=\"2001\">T\u00e9cnico em Inform\u00e1tica<\/strong> \u2013 Com cursos gratuitos oferecidos pelo Instituto, jovens t\u00eam ingressado em assist\u00eancias t\u00e9cnicas, lan houses e at\u00e9 empresas de tecnologia.<\/p>\n<\/li>\n<\/ol>\n<p data-start=\"2142\" data-end=\"2378\">O foco est\u00e1 em <strong data-start=\"2157\" data-end=\"2218\">habilidades comportamentais, esfor\u00e7o e capacita\u00e7\u00e3o b\u00e1sica<\/strong>. Por isso, o Instituto oferece oficinas, cursos e plant\u00f5es semanais para ajudar os participantes a identificar suas voca\u00e7\u00f5es e j\u00e1 come\u00e7arem a atuar no mercado.<\/p>\n<h2 data-start=\"2380\" data-end=\"2416\">Resultados que inspiram confian\u00e7a<\/h2>\n<p data-start=\"2418\" data-end=\"2523\">As iniciativas do Instituto t\u00eam gerado <strong data-start=\"2457\" data-end=\"2481\">transforma\u00e7\u00f5es reais<\/strong> para quem come\u00e7a sem nenhuma experi\u00eancia:<\/p>\n<ul data-start=\"2525\" data-end=\"2994\">\n<li data-start=\"2525\" data-end=\"2605\">\n<p data-start=\"2527\" data-end=\"2605\">\ud83c\udfaf Mais de <strong data-start=\"2538\" data-end=\"2579\">280 curr\u00edculos criados ou atualizados<\/strong> para iniciantes em 2024<\/p>\n<\/li>\n<li data-start=\"2606\" data-end=\"2699\">\n<p data-start=\"2608\" data-end=\"2699\">\ud83d\udc68\u200d\ud83c\udf93 <strong data-start=\"2614\" data-end=\"2650\">190 jovens e adultos capacitados<\/strong> com oficinas de primeiros passos profissionais<\/p>\n<\/li>\n<li data-start=\"2700\" data-end=\"2779\">\n<p data-start=\"2702\" data-end=\"2779\">\ud83e\udd1d <strong data-start=\"2705\" data-end=\"2757\">100 contrata\u00e7\u00f5es em parceria com empresas locais<\/strong> nos \u00faltimos 3 meses<\/p>\n<\/li>\n<li data-start=\"2780\" data-end=\"2884\">\n<p data-start=\"2782\" data-end=\"2884\">\ud83d\udcbc <strong data-start=\"2785\" data-end=\"2823\">+ de 15 cursos r\u00e1pidos e gratuitos<\/strong> oferecidos nos \u00faltimos 6 meses nas \u00e1reas com maior demanda<\/p>\n<\/li>\n<li data-start=\"2885\" data-end=\"2994\">\n<p data-start=\"2887\" data-end=\"2994\">\ud83d\udccd <strong data-start=\"2890\" data-end=\"2994\">95% dos beneficiados afirmam se sentir mais preparados para entrevistas ap\u00f3s passarem pelo Instituto<\/strong><\/p>\n<\/li>\n<\/ul>\n<p data-start=\"2996\" data-end=\"3136\">Al\u00e9m da capacita\u00e7\u00e3o, o Instituto tamb\u00e9m atua no <strong data-start=\"3044\" data-end=\"3080\">encaminhamento direto para vagas<\/strong>, gra\u00e7as \u00e0s conex\u00f5es com empresas e com\u00e9rcios parceiros.<\/p>\n<h2 data-start=\"3138\" data-end=\"3218\">Depoimento: \u201cAchei que nunca ia sair da informalidade\u201d \u2014 Rafael, 26 anos<\/h2>\n<blockquote data-start=\"3220\" data-end=\"3708\">\n<p data-start=\"3222\" data-end=\"3708\">\u201cEu vendia bala no sinal desde os 14 anos. Nunca tive carteira assinada. Um dia, vi um cartaz do Instituto oferecendo curso de log\u00edstica. Fiz o curso, participei das oficinas e ganhei at\u00e9 ajuda pra montar meu curr\u00edculo. Depois de tr\u00eas semanas, fui chamado pra trabalhar num galp\u00e3o log\u00edstico aqui mesmo em Neves. Hoje tenho sal\u00e1rio fixo, benef\u00edcios e at\u00e9 ajudo minha m\u00e3e nas contas. Achei que nunca ia sair da informalidade.\u201d<br data-start=\"3646\" data-end=\"3649\" \/>\u2014 Rafael Santos, beneficiado pelo projeto Emprego e Renda<\/p>\n<\/blockquote>\n<h2 data-start=\"3710\" data-end=\"3763\">Fa\u00e7a parte da mudan\u00e7a: apoie, indique ou participe<\/h2>\n<p data-start=\"3765\" data-end=\"4025\">O caminho para o primeiro emprego pode ser desafiador, mas <strong data-start=\"3824\" data-end=\"3862\">ningu\u00e9m precisa trilh\u00e1-lo sozinho.<\/strong><br data-start=\"3862\" data-end=\"3865\" \/>O Instituto Jonathan Rigueira est\u00e1 ao lado de quem busca recome\u00e7ar \u2014 seja com <strong data-start=\"3943\" data-end=\"4025\">cursos gratuitos, orienta\u00e7\u00e3o profissional, ou parcerias que geram vagas reais.<\/strong><\/p>\n<p data-start=\"4027\" data-end=\"4055\">\ud83d\udc49 <strong data-start=\"4030\" data-end=\"4055\">Voc\u00ea pode participar:<\/strong><\/p>\n<ul data-start=\"4056\" data-end=\"4362\">\n<li data-start=\"4056\" data-end=\"4168\">\n<p data-start=\"4058\" data-end=\"4168\">\ud83d\udccd Se est\u00e1 desempregado ou quer mudar de \u00e1rea, procure o Instituto e veja as pr\u00f3ximas turmas de capacita\u00e7\u00e3o.<\/p>\n<\/li>\n<li data-start=\"4169\" data-end=\"4274\">\n<p data-start=\"4171\" data-end=\"4274\">\ud83c\udfe2 Se tem uma empresa e quer contratar com prop\u00f3sito, entre em contato e seja um parceiro do projeto.<\/p>\n<\/li>\n<li data-start=\"4275\" data-end=\"4362\">\n<p data-start=\"4277\" data-end=\"4362\">\ud83d\udc99 E se deseja contribuir com essa causa, <strong data-start=\"4319\" data-end=\"4362\">fa\u00e7a uma doa\u00e7\u00e3o ou torne-se volunt\u00e1rio.<\/strong><\/p>\n<\/li>\n<\/ul>\n<p data-start=\"4364\" data-end=\"4482\">\ud83d\udd17 <strong data-start=\"4367\" data-end=\"4482\">Acesse nosso site, acompanhe nas redes sociais e compartilhe essa miss\u00e3o. O futuro come\u00e7a com uma oportunidade.<\/strong><\/p>\n","protected":false},"excerpt":{"rendered":"<p>Profiss\u00f5es em alta para quem est\u00e1 come\u00e7ando do zero: oportunidades com apoio do Instituto Jonathan Rigueira Em tempos de crise econ\u00f4mica e altos \u00edndices de desemprego, milhares de pessoas se veem diante de um desafio: como come\u00e7ar do zero, sem experi\u00eancia e com poucos recursos? Para muitos moradores de comunidades como Ribeir\u00e3o das Neves, esse [&hellip;]<\/p>\n","protected":false},"author":1,"featured_media":0,"comment_status":"open","ping_status":"open","sticky":false,"template":"","format":"standard","meta":{"footnotes":""},"categories":[57],"tags":[],"class_list":["post-1979","post","type-post","status-publish","format-standard","hentry","category-emprego-e-renda"],"views":2,"_links":{"self":[{"href":"https:\/\/institutojr.ong.br\/index.php\/wp-json\/wp\/v2\/posts\/1979","targetHints":{"allow":["GET"]}}],"collection":[{"href":"https:\/\/institutojr.ong.br\/index.php\/wp-json\/wp\/v2\/posts"}],"about":[{"href":"https:\/\/institutojr.ong.br\/index.php\/wp-json\/wp\/v2\/types\/post"}],"author":[{"embeddable":true,"href":"https:\/\/institutojr.ong.br\/index.php\/wp-json\/wp\/v2\/users\/1"}],"replies":[{"embeddable":true,"href":"https:\/\/institutojr.ong.br\/index.php\/wp-json\/wp\/v2\/comments?post=1979"}],"version-history":[{"count":1,"href":"https:\/\/institutojr.ong.br\/index.php\/wp-json\/wp\/v2\/posts\/1979\/revisions"}],"predecessor-version":[{"id":1981,"href":"https:\/\/institutojr.ong.br\/index.php\/wp-json\/wp\/v2\/posts\/1979\/revisions\/1981"}],"wp:attachment":[{"href":"https:\/\/institutojr.ong.br\/index.php\/wp-json\/wp\/v2\/media?parent=1979"}],"wp:term":[{"taxonomy":"category","embeddable":true,"href":"https:\/\/institutojr.ong.br\/index.php\/wp-json\/wp\/v2\/categories?post=1979"},{"taxonomy":"post_tag","embeddable":true,"href":"https:\/\/institutojr.ong.br\/index.php\/wp-json\/wp\/v2\/tags?post=1979"}],"curies":[{"name":"wp","href":"https:\/\/api.w.org\/{rel}","templated":true}]}}