{"id":1976,"date":"2025-05-31T17:33:16","date_gmt":"2025-05-31T20:33:16","guid":{"rendered":"https:\/\/institutojr.ong.br\/?p=1976"},"modified":"2025-05-31T17:33:16","modified_gmt":"2025-05-31T20:33:16","slug":"parceria-com-empresas-locais-gera-100-contratacoes-em-3-meses-em-ribeirao-das-neves","status":"publish","type":"post","link":"https:\/\/institutojr.ong.br\/index.php\/2025\/05\/31\/parceria-com-empresas-locais-gera-100-contratacoes-em-3-meses-em-ribeirao-das-neves\/","title":{"rendered":"Parceria com empresas locais gera 100 contrata\u00e7\u00f5es em 3 meses em Ribeir\u00e3o das Neves"},"content":{"rendered":"<h1 data-start=\"0\" data-end=\"88\">Parceria com empresas locais gera 100 contrata\u00e7\u00f5es em 3 meses em Ribeir\u00e3o das Neves<\/h1>\n<p data-start=\"90\" data-end=\"570\">Conquistar um emprego transforma vidas. Mas para muitos moradores de comunidades perif\u00e9ricas, essa oportunidade parece distante. Pensando nisso, o Instituto Jonathan Rigueira firmou uma s\u00e9rie de <strong data-start=\"285\" data-end=\"331\">parcerias estrat\u00e9gicas com empresas locais<\/strong>, com o objetivo de <strong data-start=\"351\" data-end=\"401\">gerar empregos e promover a inclus\u00e3o produtiva<\/strong> em Ribeir\u00e3o das Neves. O resultado? Mais de <strong data-start=\"446\" data-end=\"491\">100 pessoas contratadas em apenas 3 meses<\/strong>, resgatando sonhos, restaurando a autoestima e fortalecendo fam\u00edlias inteiras.<\/p>\n<h2 data-start=\"572\" data-end=\"614\">Parcerias que geram emprego e esperan\u00e7a<\/h2>\n<p data-start=\"616\" data-end=\"906\">O projeto \u201cEmprego e Renda\u201d nasceu da escuta ativa da comunidade. Diariamente, o Instituto acolhe pessoas em busca de uma oportunidade para recome\u00e7ar. Foi nesse cen\u00e1rio que surgiu a necessidade de criar pontes entre <strong data-start=\"832\" data-end=\"905\">quem precisa de um trabalho e quem precisa de m\u00e3o de obra qualificada<\/strong>.<\/p>\n<p data-start=\"908\" data-end=\"1198\">Com o apoio de empresas da regi\u00e3o \u2014 como supermercados, confec\u00e7\u00f5es, f\u00e1bricas, servi\u00e7os de limpeza e log\u00edstica \u2014 o Instituto passou a <strong data-start=\"1041\" data-end=\"1134\">identificar perfis, preparar curr\u00edculos, realizar oficinas de prepara\u00e7\u00e3o para entrevistas<\/strong> e, principalmente, <strong data-start=\"1154\" data-end=\"1197\">encaminhar os candidatos com prioridade<\/strong>.<\/p>\n<p data-start=\"1200\" data-end=\"1520\">O diferencial est\u00e1 no cuidado humano: cada pessoa \u00e9 tratada com respeito, aten\u00e7\u00e3o e incentivo. Muitas delas jamais haviam participado de uma entrevista formal ou sequer tinham um curr\u00edculo estruturado. Ao participar dos nossos processos de orienta\u00e7\u00e3o e qualifica\u00e7\u00e3o, se sentem confiantes para dar esse passo fundamental.<\/p>\n<h2 data-start=\"1522\" data-end=\"1563\">Resultados concretos e transformadores<\/h2>\n<p data-start=\"1565\" data-end=\"1675\">Em apenas tr\u00eas meses de implementa\u00e7\u00e3o ativa da rede de parcerias, os n\u00fameros comprovam o impacto real da a\u00e7\u00e3o:<\/p>\n<ul data-start=\"1677\" data-end=\"2142\">\n<li data-start=\"1677\" data-end=\"1746\">\n<p data-start=\"1679\" data-end=\"1746\">\u2705 <strong data-start=\"1681\" data-end=\"1720\">100 contrata\u00e7\u00f5es formais realizadas<\/strong> (CLT ou jovem aprendiz)<\/p>\n<\/li>\n<li data-start=\"1747\" data-end=\"1822\">\n<p data-start=\"1749\" data-end=\"1822\">\ud83d\udc65 Mais de <strong data-start=\"1760\" data-end=\"1785\">400 pessoas atendidas<\/strong> nos plant\u00f5es de emprego e oficinas<\/p>\n<\/li>\n<li data-start=\"1823\" data-end=\"1879\">\n<p data-start=\"1825\" data-end=\"1879\">\ud83d\udcdd <strong data-start=\"1828\" data-end=\"1877\">280 curr\u00edculos atualizados ou criados do zero<\/strong><\/p>\n<\/li>\n<li data-start=\"1880\" data-end=\"1968\">\n<p data-start=\"1882\" data-end=\"1968\">\ud83d\udcda <strong data-start=\"1885\" data-end=\"1915\">12 oficinas de capacita\u00e7\u00e3o<\/strong> sobre postura profissional, entrevista e curr\u00edculo<\/p>\n<\/li>\n<li data-start=\"1969\" data-end=\"2055\">\n<p data-start=\"1971\" data-end=\"2055\">\ud83c\udfe2 Parcerias com <strong data-start=\"1988\" data-end=\"2010\">16 empresas locais<\/strong>, que priorizam os indicados pelo Instituto<\/p>\n<\/li>\n<li data-start=\"2056\" data-end=\"2142\">\n<p data-start=\"2058\" data-end=\"2142\">\ud83d\udcc8 Aumento de <strong data-start=\"2072\" data-end=\"2098\">76% na empregabilidade<\/strong> entre os jovens atendidos na sede Sevilha B<\/p>\n<\/li>\n<\/ul>\n<p data-start=\"2144\" data-end=\"2361\">Esse resultado s\u00f3 foi poss\u00edvel porque houve confian\u00e7a m\u00fatua entre comunidade, Instituto e empresas \u2014 uma uni\u00e3o que prova que <strong data-start=\"2269\" data-end=\"2360\">\u00e9 poss\u00edvel transformar a realidade com a\u00e7\u00f5es simples, consistentes e focadas em pessoas<\/strong>.<\/p>\n<h2 data-start=\"2363\" data-end=\"2449\">Depoimento : \u201cVoltei a acreditar que eu podia ser contratada\u201d \u2014 Simone, 42 anos<\/h2>\n<blockquote data-start=\"2451\" data-end=\"2869\">\n<p data-start=\"2453\" data-end=\"2869\">\u201cFiquei tr\u00eas anos desempregada, mandando curr\u00edculo e nada. J\u00e1 estava desistindo quando participei de uma oficina no Instituto. Eles me ajudaram com tudo, at\u00e9 com roupa pra entrevista. Em duas semanas, fui chamada pra trabalhar em uma rede de supermercados. Hoje, tenho renda fixa, comprei meu fog\u00e3o novo e at\u00e9 ajudo minha filha na faculdade. Foi um recome\u00e7o pra mim.\u201d<br data-start=\"2820\" data-end=\"2823\" \/>\u2014 Simone Oliveira, moradora do bairro Veneza<\/p>\n<\/blockquote>\n<h2 data-start=\"2871\" data-end=\"2906\">Junte-se a quem transforma vidas<\/h2>\n<p data-start=\"2908\" data-end=\"3116\">O projeto \u201cEmprego e Renda\u201d continua crescendo, e <strong data-start=\"2958\" data-end=\"3006\">voc\u00ea pode fazer parte dessa rede de impacto.<\/strong> Se voc\u00ea tem uma empresa e deseja contratar com prop\u00f3sito, entre em contato com o Instituto Jonathan Rigueira.<\/p>\n<p data-start=\"3118\" data-end=\"3482\">\ud83d\udcbc Se est\u00e1 procurando emprego ou conhece algu\u00e9m que esteja, <strong data-start=\"3178\" data-end=\"3248\">participe das oficinas, grupos de vagas e plant\u00f5es de atendimento.<\/strong><br data-start=\"3248\" data-end=\"3251\" \/>\ud83d\udcf2 Siga o Instituto nas redes sociais para ficar por dentro das oportunidades semanais.<br data-start=\"3338\" data-end=\"3341\" \/>\ud83d\ude4c E se acredita na causa, apoie com doa\u00e7\u00f5es ou sendo volunt\u00e1rio \u2014 cada contribui\u00e7\u00e3o ajuda a manter viva a esperan\u00e7a de centenas de fam\u00edlias.<\/p>\n<p data-start=\"3484\" data-end=\"3579\">\ud83d\udd17 <strong data-start=\"3487\" data-end=\"3579\">Clique aqui para se inscrever nas a\u00e7\u00f5es de emprego ou indicar sua empresa como parceira.<\/strong><\/p>\n<hr data-start=\"3581\" data-end=\"3584\" \/>\n","protected":false},"excerpt":{"rendered":"<p>Parceria com empresas locais gera 100 contrata\u00e7\u00f5es em 3 meses em Ribeir\u00e3o das Neves Conquistar um emprego transforma vidas. Mas para muitos moradores de comunidades perif\u00e9ricas, essa oportunidade parece distante. Pensando nisso, o Instituto Jonathan Rigueira firmou uma s\u00e9rie de parcerias estrat\u00e9gicas com empresas locais, com o objetivo de gerar empregos e promover a inclus\u00e3o [&hellip;]<\/p>\n","protected":false},"author":1,"featured_media":0,"comment_status":"open","ping_status":"open","sticky":false,"template":"","format":"standard","meta":{"footnotes":""},"categories":[57],"tags":[],"class_list":["post-1976","post","type-post","status-publish","format-standard","hentry","category-emprego-e-renda"],"views":4,"_links":{"self":[{"href":"https:\/\/institutojr.ong.br\/index.php\/wp-json\/wp\/v2\/posts\/1976","targetHints":{"allow":["GET"]}}],"collection":[{"href":"https:\/\/institutojr.ong.br\/index.php\/wp-json\/wp\/v2\/posts"}],"about":[{"href":"https:\/\/institutojr.ong.br\/index.php\/wp-json\/wp\/v2\/types\/post"}],"author":[{"embeddable":true,"href":"https:\/\/institutojr.ong.br\/index.php\/wp-json\/wp\/v2\/users\/1"}],"replies":[{"embeddable":true,"href":"https:\/\/institutojr.ong.br\/index.php\/wp-json\/wp\/v2\/comments?post=1976"}],"version-history":[{"count":1,"href":"https:\/\/institutojr.ong.br\/index.php\/wp-json\/wp\/v2\/posts\/1976\/revisions"}],"predecessor-version":[{"id":1978,"href":"https:\/\/institutojr.ong.br\/index.php\/wp-json\/wp\/v2\/posts\/1976\/revisions\/1978"}],"wp:attachment":[{"href":"https:\/\/institutojr.ong.br\/index.php\/wp-json\/wp\/v2\/media?parent=1976"}],"wp:term":[{"taxonomy":"category","embeddable":true,"href":"https:\/\/institutojr.ong.br\/index.php\/wp-json\/wp\/v2\/categories?post=1976"},{"taxonomy":"post_tag","embeddable":true,"href":"https:\/\/institutojr.ong.br\/index.php\/wp-json\/wp\/v2\/tags?post=1976"}],"curies":[{"name":"wp","href":"https:\/\/api.w.org\/{rel}","templated":true}]}}