{"id":1963,"date":"2025-05-31T17:20:47","date_gmt":"2025-05-31T20:20:47","guid":{"rendered":"https:\/\/institutojr.ong.br\/?p=1963"},"modified":"2025-05-31T17:20:47","modified_gmt":"2025-05-31T20:20:47","slug":"o-menino-que-virou-artista-projeto-cultural-revela-talento-escondido-em-ribeirao-das-neves","status":"publish","type":"post","link":"https:\/\/institutojr.ong.br\/index.php\/2025\/05\/31\/o-menino-que-virou-artista-projeto-cultural-revela-talento-escondido-em-ribeirao-das-neves\/","title":{"rendered":"O menino que virou artista: projeto cultural revela talento escondido em Ribeir\u00e3o das Neves"},"content":{"rendered":"<h1 data-start=\"0\" data-end=\"96\">O menino que virou artista: projeto cultural revela talento escondido em Ribeir\u00e3o das Neves<\/h1>\n<p data-start=\"98\" data-end=\"497\">Quando olhamos para uma crian\u00e7a, muitas vezes n\u00e3o imaginamos o potencial que ela carrega dentro de si. No Instituto Jonathan Rigueira, descobrimos que cada menino e menina pode se tornar protagonista da sua pr\u00f3pria hist\u00f3ria. Esta \u00e9 a emocionante trajet\u00f3ria de Lucas, um garoto de Ribeir\u00e3o das Neves que, atrav\u00e9s do nosso projeto cultural, revelou um talento art\u00edstico que mudou sua vida para sempre.<\/p>\n<h2 data-start=\"499\" data-end=\"562\">O projeto cultural que revela talentos em Ribeir\u00e3o das Neves<\/h2>\n<p data-start=\"564\" data-end=\"875\">O Instituto Jonathan Rigueira acredita no poder transformador da arte e da cultura como ferramentas para inclus\u00e3o social. O projeto cultural para crian\u00e7as e jovens oferece oficinas gratuitas de artes pl\u00e1sticas, teatro, m\u00fasica e dan\u00e7a, criando um espa\u00e7o seguro para que talentos como o de Lucas possam florescer.<\/p>\n<p data-start=\"877\" data-end=\"1265\">Lucas sempre foi um garoto t\u00edmido, com poucas oportunidades de express\u00e3o fora da escola. Ao ingressar nas oficinas, ele encontrou uma forma de se comunicar, uma voz pr\u00f3pria que ultrapassou barreiras e o incentivou a sonhar alto. Al\u00e9m do desenvolvimento art\u00edstico, o projeto tamb\u00e9m fomenta autoestima, disciplina e esp\u00edrito comunit\u00e1rio, essenciais para a constru\u00e7\u00e3o de um futuro promissor.<\/p>\n<p data-start=\"1267\" data-end=\"1422\">Essa iniciativa do Instituto n\u00e3o s\u00f3 muda a vida das crian\u00e7as, mas fortalece o tecido social de Ribeir\u00e3o das Neves, promovendo cultura acess\u00edvel e inclus\u00e3o.<\/p>\n<h2 data-start=\"1424\" data-end=\"1467\">Resultados concretos do projeto cultural<\/h2>\n<ul data-start=\"1469\" data-end=\"1770\">\n<li data-start=\"1469\" data-end=\"1520\">\n<p data-start=\"1471\" data-end=\"1520\">\ud83c\udfa8 Mais de 150 crian\u00e7as atendidas no \u00faltimo ano<\/p>\n<\/li>\n<li data-start=\"1521\" data-end=\"1571\">\n<p data-start=\"1523\" data-end=\"1571\">\ud83c\udfc6 Participa\u00e7\u00e3o em exposi\u00e7\u00f5es e eventos locais<\/p>\n<\/li>\n<li data-start=\"1572\" data-end=\"1623\">\n<p data-start=\"1574\" data-end=\"1623\">\ud83d\udcf8 Fotos das oficinas e apresenta\u00e7\u00f5es culturais<\/p>\n<\/li>\n<li data-start=\"1624\" data-end=\"1702\">\n<p data-start=\"1626\" data-end=\"1702\">\ud83c\udfad Relatos emocionados de pais e professores sobre a evolu\u00e7\u00e3o das crian\u00e7as<\/p>\n<\/li>\n<li data-start=\"1703\" data-end=\"1770\">\n<p data-start=\"1705\" data-end=\"1770\">\ud83d\udcac Aumento da autoconfian\u00e7a e integra\u00e7\u00e3o social dos participantes<\/p>\n<\/li>\n<\/ul>\n<h3 data-start=\"1772\" data-end=\"1820\">Depoimento de Lucas, participante do projeto<\/h3>\n<blockquote data-start=\"1822\" data-end=\"2063\">\n<p data-start=\"1824\" data-end=\"2063\">\u201cEu nunca pensei que poderia ser artista. O Instituto me mostrou que eu posso criar, pintar e at\u00e9 subir no palco. Hoje, me sinto mais feliz e confiante para enfrentar qualquer desafio.\u201d<br data-start=\"2009\" data-end=\"2012\" \/>\u2014 Lucas Silva, 12 anos, aluno do projeto cultural<\/p>\n<\/blockquote>\n<h2 data-start=\"2065\" data-end=\"2108\">Apoie a cultura e a transforma\u00e7\u00e3o social<\/h2>\n<p data-start=\"2110\" data-end=\"2306\">Quer ajudar mais crian\u00e7as como Lucas a descobrirem seus talentos e a transformarem suas vidas? Siga o Instituto Jonathan Rigueira, fa\u00e7a doa\u00e7\u00f5es ou torne-se volunt\u00e1rio em nossos projetos culturais.<\/p>\n<ul data-start=\"2308\" data-end=\"2517\">\n<li data-start=\"2308\" data-end=\"2397\">\n<p data-start=\"2310\" data-end=\"2397\">\u2705 Siga: <a class=\"\" href=\"https:\/\/instagram.com\/institutojonathanrigueira\" target=\"_new\" rel=\"noopener\" data-start=\"2318\" data-end=\"2395\">@institutojonathanrigueira<\/a><\/p>\n<\/li>\n<li data-start=\"2398\" data-end=\"2442\">\n<p data-start=\"2400\" data-end=\"2442\">\ud83d\udc99 Doe para apoiar iniciativas culturais<\/p>\n<\/li>\n<li data-start=\"2443\" data-end=\"2517\">\n<p data-start=\"2445\" data-end=\"2517\">\ud83d\udcdd Inscreva seu filho ou indique crian\u00e7as para nossas oficinas gratuitas<\/p>\n<\/li>\n<\/ul>\n<p data-start=\"2519\" data-end=\"2570\">\u27a1\ufe0f <a class=\"\" href=\"#\" rel=\"noopener\" data-start=\"2522\" data-end=\"2570\">Participe e fa\u00e7a parte dessa transforma\u00e7\u00e3o!<\/a><\/p>\n","protected":false},"excerpt":{"rendered":"<p>O menino que virou artista: projeto cultural revela talento escondido em Ribeir\u00e3o das Neves Quando olhamos para uma crian\u00e7a, muitas vezes n\u00e3o imaginamos o potencial que ela carrega dentro de si. No Instituto Jonathan Rigueira, descobrimos que cada menino e menina pode se tornar protagonista da sua pr\u00f3pria hist\u00f3ria. Esta \u00e9 a emocionante trajet\u00f3ria de [&hellip;]<\/p>\n","protected":false},"author":1,"featured_media":0,"comment_status":"open","ping_status":"open","sticky":false,"template":"","format":"standard","meta":{"footnotes":""},"categories":[64],"tags":[],"class_list":["post-1963","post","type-post","status-publish","format-standard","hentry","category-depoimentos-e-historias-de-vida"],"views":2,"_links":{"self":[{"href":"https:\/\/institutojr.ong.br\/index.php\/wp-json\/wp\/v2\/posts\/1963","targetHints":{"allow":["GET"]}}],"collection":[{"href":"https:\/\/institutojr.ong.br\/index.php\/wp-json\/wp\/v2\/posts"}],"about":[{"href":"https:\/\/institutojr.ong.br\/index.php\/wp-json\/wp\/v2\/types\/post"}],"author":[{"embeddable":true,"href":"https:\/\/institutojr.ong.br\/index.php\/wp-json\/wp\/v2\/users\/1"}],"replies":[{"embeddable":true,"href":"https:\/\/institutojr.ong.br\/index.php\/wp-json\/wp\/v2\/comments?post=1963"}],"version-history":[{"count":1,"href":"https:\/\/institutojr.ong.br\/index.php\/wp-json\/wp\/v2\/posts\/1963\/revisions"}],"predecessor-version":[{"id":1965,"href":"https:\/\/institutojr.ong.br\/index.php\/wp-json\/wp\/v2\/posts\/1963\/revisions\/1965"}],"wp:attachment":[{"href":"https:\/\/institutojr.ong.br\/index.php\/wp-json\/wp\/v2\/media?parent=1963"}],"wp:term":[{"taxonomy":"category","embeddable":true,"href":"https:\/\/institutojr.ong.br\/index.php\/wp-json\/wp\/v2\/categories?post=1963"},{"taxonomy":"post_tag","embeddable":true,"href":"https:\/\/institutojr.ong.br\/index.php\/wp-json\/wp\/v2\/tags?post=1963"}],"curies":[{"name":"wp","href":"https:\/\/api.w.org\/{rel}","templated":true}]}}