{"id":1948,"date":"2025-05-31T17:13:45","date_gmt":"2025-05-31T20:13:45","guid":{"rendered":"https:\/\/institutojr.ong.br\/?p=1948"},"modified":"2025-05-31T17:13:45","modified_gmt":"2025-05-31T20:13:45","slug":"aluna-cria-sua-marca-apos-curso-de-corte-e-costura-veja-o-depoimento-inspirador","status":"publish","type":"post","link":"https:\/\/institutojr.ong.br\/index.php\/2025\/05\/31\/aluna-cria-sua-marca-apos-curso-de-corte-e-costura-veja-o-depoimento-inspirador\/","title":{"rendered":"Aluna cria sua marca ap\u00f3s curso de corte e costura \u2013 veja o depoimento inspirador"},"content":{"rendered":"<h1 data-start=\"0\" data-end=\"86\">Aluna cria sua marca ap\u00f3s curso de corte e costura \u2013 veja o depoimento inspirador<\/h1>\n<p data-start=\"88\" data-end=\"224\">\u201cTransformar um sonho em realidade \u00e9 poss\u00edvel quando o conhecimento e a oportunidade se unem para empoderar jovens de nossa comunidade.\u201d<\/p>\n<h2 data-start=\"226\" data-end=\"297\">O que foi o curso de corte e costura do Instituto Jonathan Rigueira?<\/h2>\n<p data-start=\"299\" data-end=\"707\">O curso de corte e costura oferecido pelo Instituto Jonathan Rigueira \u00e9 uma capacita\u00e7\u00e3o gratuita que visa ensinar habilidades pr\u00e1ticas e art\u00edsticas para jovens e adultos interessados em moda, empreendedorismo e autossufici\u00eancia. Durante as aulas, os alunos aprendem desde t\u00e9cnicas b\u00e1sicas de modelagem, costura manual e \u00e0 m\u00e1quina at\u00e9 a cria\u00e7\u00e3o de pe\u00e7as personalizadas e projetos que valorizam a criatividade.<\/p>\n<p data-start=\"709\" data-end=\"1041\">Mais do que uma atividade t\u00e9cnica, o curso \u00e9 um espa\u00e7o de express\u00e3o cultural e empoderamento, onde cada participante tem a chance de descobrir seu potencial e construir caminhos profissionais s\u00f3lidos. A forma\u00e7\u00e3o proporciona ferramentas para que os alunos possam criar suas pr\u00f3prias marcas, gerar renda e fortalecer a economia local.<\/p>\n<p data-start=\"1043\" data-end=\"1197\">A iniciativa tem como objetivo transformar vidas, fortalecendo a autoestima e abrindo portas para que sonhos antes distantes se tornem projetos concretos.<\/p>\n<h2 data-start=\"1199\" data-end=\"1250\">Resultados e impacto do curso de corte e costura<\/h2>\n<p data-start=\"1252\" data-end=\"1304\">Confira os dados e resultados alcan\u00e7ados pelo curso:<\/p>\n<ul data-start=\"1306\" data-end=\"1701\">\n<li data-start=\"1306\" data-end=\"1347\">\n<p data-start=\"1308\" data-end=\"1347\">\ud83e\uddf5 30 alunos formados na \u00faltima turma<\/p>\n<\/li>\n<li data-start=\"1348\" data-end=\"1414\">\n<p data-start=\"1350\" data-end=\"1414\">\ud83d\udc57 15 projetos de marcas e pe\u00e7as desenvolvidos durante o curso<\/p>\n<\/li>\n<li data-start=\"1415\" data-end=\"1501\">\n<p data-start=\"1417\" data-end=\"1501\">\u2702\ufe0f 80% dos participantes afirmam ter melhorado suas habilidades manuais e t\u00e9cnicas<\/p>\n<\/li>\n<li data-start=\"1502\" data-end=\"1556\">\n<p data-start=\"1504\" data-end=\"1556\">\ud83d\udca1 10 alunos j\u00e1 iniciaram pequenos neg\u00f3cios locais<\/p>\n<\/li>\n<li data-start=\"1557\" data-end=\"1628\">\n<p data-start=\"1559\" data-end=\"1628\">\ud83d\udcf8 Fotos e v\u00eddeos dos trabalhos e eventos no Instagram do Instituto<\/p>\n<\/li>\n<li data-start=\"1629\" data-end=\"1701\">\n<p data-start=\"1631\" data-end=\"1701\">\ud83e\udd1d Parceria com costureiras e artes\u00e3s da regi\u00e3o para mentorias e apoio<\/p>\n<\/li>\n<\/ul>\n<h3 data-start=\"1703\" data-end=\"1737\">Depoimento inspirador de aluna<\/h3>\n<blockquote data-start=\"1739\" data-end=\"1946\">\n<p data-start=\"1741\" data-end=\"1946\">\u201cO curso mudou minha vida. Aprendi muito mais do que costurar: ganhei confian\u00e7a para abrir minha pr\u00f3pria marca e mostrar meu trabalho para o mundo.\u201d<br data-start=\"1889\" data-end=\"1892\" \/>\u2014 Ana Paula Silva, 22 anos, ex-aluna e empreendedora<\/p>\n<\/blockquote>\n<h2 data-start=\"1948\" data-end=\"1994\">Participe e apoie nossos cursos e oficinas!<\/h2>\n<p data-start=\"1996\" data-end=\"2228\">Quer fazer parte dessa transforma\u00e7\u00e3o? Siga o Instituto Jonathan Rigueira nas redes sociais para ficar por dentro das pr\u00f3ximas turmas e oportunidades. Sua doa\u00e7\u00e3o ajuda a manter a qualidade dos cursos e a ampliar o alcance do projeto.<\/p>\n<ul data-start=\"2230\" data-end=\"2448\">\n<li data-start=\"2230\" data-end=\"2325\">\n<p data-start=\"2232\" data-end=\"2325\">\ud83d\udcf2 Instagram: <a class=\"\" href=\"https:\/\/instagram.com\/institutojonathanrigueira\" target=\"_new\" rel=\"noopener\" data-start=\"2246\" data-end=\"2323\">@institutojonathanrigueira<\/a><\/p>\n<\/li>\n<li data-start=\"2326\" data-end=\"2386\">\n<p data-start=\"2328\" data-end=\"2386\">\ud83d\udc99 Doe e fortale\u00e7a a capacita\u00e7\u00e3o de jovens na comunidade<\/p>\n<\/li>\n<li data-start=\"2387\" data-end=\"2448\">\n<p data-start=\"2389\" data-end=\"2448\">\ud83d\udcdd Inscreva-se em nossos cursos gratuitos pelo site oficial<\/p>\n<\/li>\n<\/ul>\n<p data-start=\"2450\" data-end=\"2511\">\u27a1\ufe0f <a class=\"\" href=\"#\" rel=\"noopener\" data-start=\"2453\" data-end=\"2511\">Clique aqui para se inscrever e transformar sua vida!<\/a><\/p>\n<hr data-start=\"2513\" data-end=\"2516\" \/>\n","protected":false},"excerpt":{"rendered":"<p>Aluna cria sua marca ap\u00f3s curso de corte e costura \u2013 veja o depoimento inspirador \u201cTransformar um sonho em realidade \u00e9 poss\u00edvel quando o conhecimento e a oportunidade se unem para empoderar jovens de nossa comunidade.\u201d O que foi o curso de corte e costura do Instituto Jonathan Rigueira? O curso de corte e costura [&hellip;]<\/p>\n","protected":false},"author":1,"featured_media":0,"comment_status":"open","ping_status":"open","sticky":false,"template":"","format":"standard","meta":{"footnotes":""},"categories":[58],"tags":[],"class_list":["post-1948","post","type-post","status-publish","format-standard","hentry","category-cursos-e-oficinas"],"views":1,"_links":{"self":[{"href":"https:\/\/institutojr.ong.br\/index.php\/wp-json\/wp\/v2\/posts\/1948","targetHints":{"allow":["GET"]}}],"collection":[{"href":"https:\/\/institutojr.ong.br\/index.php\/wp-json\/wp\/v2\/posts"}],"about":[{"href":"https:\/\/institutojr.ong.br\/index.php\/wp-json\/wp\/v2\/types\/post"}],"author":[{"embeddable":true,"href":"https:\/\/institutojr.ong.br\/index.php\/wp-json\/wp\/v2\/users\/1"}],"replies":[{"embeddable":true,"href":"https:\/\/institutojr.ong.br\/index.php\/wp-json\/wp\/v2\/comments?post=1948"}],"version-history":[{"count":1,"href":"https:\/\/institutojr.ong.br\/index.php\/wp-json\/wp\/v2\/posts\/1948\/revisions"}],"predecessor-version":[{"id":1950,"href":"https:\/\/institutojr.ong.br\/index.php\/wp-json\/wp\/v2\/posts\/1948\/revisions\/1950"}],"wp:attachment":[{"href":"https:\/\/institutojr.ong.br\/index.php\/wp-json\/wp\/v2\/media?parent=1948"}],"wp:term":[{"taxonomy":"category","embeddable":true,"href":"https:\/\/institutojr.ong.br\/index.php\/wp-json\/wp\/v2\/categories?post=1948"},{"taxonomy":"post_tag","embeddable":true,"href":"https:\/\/institutojr.ong.br\/index.php\/wp-json\/wp\/v2\/tags?post=1948"}],"curies":[{"name":"wp","href":"https:\/\/api.w.org\/{rel}","templated":true}]}}