{"id":1930,"date":"2025-05-31T16:56:29","date_gmt":"2025-05-31T19:56:29","guid":{"rendered":"https:\/\/institutojr.ong.br\/?p=1930"},"modified":"2025-05-31T16:56:29","modified_gmt":"2025-05-31T19:56:29","slug":"ritmos-da-comunidade-projeto-de-percussao-e-danca-transforma-adolescentes-em-lideres","status":"publish","type":"post","link":"https:\/\/institutojr.ong.br\/index.php\/2025\/05\/31\/ritmos-da-comunidade-projeto-de-percussao-e-danca-transforma-adolescentes-em-lideres\/","title":{"rendered":"Ritmos da Comunidade: projeto de percuss\u00e3o e dan\u00e7a transforma adolescentes em l\u00edderes"},"content":{"rendered":"<h1 data-start=\"0\" data-end=\"90\">Ritmos da Comunidade: projeto de percuss\u00e3o e dan\u00e7a transforma adolescentes em l\u00edderes<\/h1>\n<p data-start=\"92\" data-end=\"191\">\u201cA batida do tambor \u00e9 o pulsar da cultura e a for\u00e7a que faz nossos jovens encontrarem seu caminho.\u201d<\/p>\n<h2 data-start=\"193\" data-end=\"235\">O que \u00e9 o projeto Ritmos da Comunidade?<\/h2>\n<p data-start=\"237\" data-end=\"580\">O projeto Ritmos da Comunidade foi criado pelo Instituto Jonathan Rigueira para promover inclus\u00e3o social, lazer e express\u00e3o cultural entre adolescentes de Ribeir\u00e3o das Neves. Atrav\u00e9s da percuss\u00e3o e da dan\u00e7a, o projeto oferece um espa\u00e7o seguro e criativo onde jovens podem desenvolver habilidades art\u00edsticas, autoconfian\u00e7a e senso de lideran\u00e7a.<\/p>\n<p data-start=\"582\" data-end=\"892\">As aulas envolvem t\u00e9cnicas musicais e coreografias baseadas nas tradi\u00e7\u00f5es culturais locais e afro-brasileiras, valorizando a identidade e a hist\u00f3ria dos participantes. Mais do que arte, o projeto se tornou um espa\u00e7o de di\u00e1logo, fortalecimento dos v\u00ednculos comunit\u00e1rios e constru\u00e7\u00e3o de um futuro mais promissor.<\/p>\n<p data-start=\"894\" data-end=\"1119\">Com instrutores experientes e l\u00edderes comunit\u00e1rios, o Ritmos da Comunidade cria oportunidades para que os adolescentes se tornem protagonistas de suas pr\u00f3prias hist\u00f3rias, descobrindo seu potencial e ganhando voz na sociedade.<\/p>\n<h2 data-start=\"1121\" data-end=\"1176\">Impacto do projeto em n\u00fameros e resultados concretos<\/h2>\n<p data-start=\"1178\" data-end=\"1277\">O Ritmos da Comunidade tem gerado transforma\u00e7\u00f5es vis\u00edveis na vida dos adolescentes e na comunidade:<\/p>\n<ul data-start=\"1279\" data-end=\"1660\">\n<li data-start=\"1279\" data-end=\"1359\">\n<p data-start=\"1281\" data-end=\"1359\">\ud83e\udd41 40 adolescentes envolvidos regularmente nas oficinas de percuss\u00e3o e dan\u00e7a<\/p>\n<\/li>\n<li data-start=\"1360\" data-end=\"1433\">\n<p data-start=\"1362\" data-end=\"1433\">\ud83d\udc83 5 apresenta\u00e7\u00f5es p\u00fablicas realizadas em eventos culturais e sociais<\/p>\n<\/li>\n<li data-start=\"1434\" data-end=\"1494\">\n<p data-start=\"1436\" data-end=\"1494\">\ud83e\udd1d Parcerias com 4 escolas e centros comunit\u00e1rios locais<\/p>\n<\/li>\n<li data-start=\"1495\" data-end=\"1581\">\n<p data-start=\"1497\" data-end=\"1581\">\ud83d\udcc8 Melhora na autoestima e no desempenho escolar, segundo avalia\u00e7\u00e3o dos educadores<\/p>\n<\/li>\n<li data-start=\"1582\" data-end=\"1660\">\n<p data-start=\"1584\" data-end=\"1660\">\ud83c\udfaf 12 jovens assumiram pap\u00e9is de lideran\u00e7a e organiza\u00e7\u00e3o dentro do projeto<\/p>\n<\/li>\n<\/ul>\n<p data-start=\"1662\" data-end=\"1763\">Esses dados refletem o poder da cultura como ferramenta de inclus\u00e3o, forma\u00e7\u00e3o e transforma\u00e7\u00e3o social.<\/p>\n<h3 data-start=\"1765\" data-end=\"1795\">Depoimento de participante<\/h3>\n<blockquote data-start=\"1797\" data-end=\"2001\">\n<p data-start=\"1799\" data-end=\"2001\">\u201cNo come\u00e7o eu tinha vergonha de me apresentar, mas o projeto me mostrou que eu posso liderar e inspirar outras pessoas com a m\u00fasica e a dan\u00e7a.\u201d<br data-start=\"1942\" data-end=\"1945\" \/>\u2014 Lucas, 16 anos, participante do Ritmos da Comunidade<\/p>\n<\/blockquote>\n<h2 data-start=\"2003\" data-end=\"2050\">Participe da transforma\u00e7\u00e3o cultural e social<\/h2>\n<p data-start=\"2052\" data-end=\"2173\">O projeto Ritmos da Comunidade precisa do seu apoio para continuar levando arte, cultura e lideran\u00e7a a mais adolescentes:<\/p>\n<ul data-start=\"2175\" data-end=\"2368\">\n<li data-start=\"2175\" data-end=\"2239\">\n<p data-start=\"2177\" data-end=\"2239\">\ud83e\udd41 Doe instrumentos musicais, roupas e acess\u00f3rios para dan\u00e7a<\/p>\n<\/li>\n<li data-start=\"2240\" data-end=\"2285\">\n<p data-start=\"2242\" data-end=\"2285\">\ud83e\udd1d Seja volunt\u00e1rio nas oficinas e eventos<\/p>\n<\/li>\n<li data-start=\"2286\" data-end=\"2368\">\n<p data-start=\"2288\" data-end=\"2368\">\ud83d\udc99 Contribua financeiramente para ampliar as atividades e alcan\u00e7ar mais jovens<\/p>\n<\/li>\n<\/ul>\n<p data-start=\"2370\" data-end=\"2561\">\u27a1\ufe0f <a class=\"\" href=\"#\" rel=\"noopener\" data-start=\"2373\" data-end=\"2421\">Clique aqui para apoiar e transformar vidas<\/a><br data-start=\"2421\" data-end=\"2424\" \/>\ud83d\udcf2 Acompanhe nossas a\u00e7\u00f5es e eventos culturais no Instagram: <a class=\"\" href=\"https:\/\/instagram.com\/institutojonathanrigueira\" target=\"_new\" rel=\"noopener\" data-start=\"2484\" data-end=\"2561\">@institutojonathanrigueira<\/a><\/p>\n","protected":false},"excerpt":{"rendered":"<p>Ritmos da Comunidade: projeto de percuss\u00e3o e dan\u00e7a transforma adolescentes em l\u00edderes \u201cA batida do tambor \u00e9 o pulsar da cultura e a for\u00e7a que faz nossos jovens encontrarem seu caminho.\u201d O que \u00e9 o projeto Ritmos da Comunidade? O projeto Ritmos da Comunidade foi criado pelo Instituto Jonathan Rigueira para promover inclus\u00e3o social, lazer [&hellip;]<\/p>\n","protected":false},"author":1,"featured_media":0,"comment_status":"open","ping_status":"open","sticky":false,"template":"","format":"standard","meta":{"footnotes":""},"categories":[60],"tags":[],"class_list":["post-1930","post","type-post","status-publish","format-standard","hentry","category-cultura-e-esporte"],"views":2,"_links":{"self":[{"href":"https:\/\/institutojr.ong.br\/index.php\/wp-json\/wp\/v2\/posts\/1930","targetHints":{"allow":["GET"]}}],"collection":[{"href":"https:\/\/institutojr.ong.br\/index.php\/wp-json\/wp\/v2\/posts"}],"about":[{"href":"https:\/\/institutojr.ong.br\/index.php\/wp-json\/wp\/v2\/types\/post"}],"author":[{"embeddable":true,"href":"https:\/\/institutojr.ong.br\/index.php\/wp-json\/wp\/v2\/users\/1"}],"replies":[{"embeddable":true,"href":"https:\/\/institutojr.ong.br\/index.php\/wp-json\/wp\/v2\/comments?post=1930"}],"version-history":[{"count":1,"href":"https:\/\/institutojr.ong.br\/index.php\/wp-json\/wp\/v2\/posts\/1930\/revisions"}],"predecessor-version":[{"id":1932,"href":"https:\/\/institutojr.ong.br\/index.php\/wp-json\/wp\/v2\/posts\/1930\/revisions\/1932"}],"wp:attachment":[{"href":"https:\/\/institutojr.ong.br\/index.php\/wp-json\/wp\/v2\/media?parent=1930"}],"wp:term":[{"taxonomy":"category","embeddable":true,"href":"https:\/\/institutojr.ong.br\/index.php\/wp-json\/wp\/v2\/categories?post=1930"},{"taxonomy":"post_tag","embeddable":true,"href":"https:\/\/institutojr.ong.br\/index.php\/wp-json\/wp\/v2\/tags?post=1930"}],"curies":[{"name":"wp","href":"https:\/\/api.w.org\/{rel}","templated":true}]}}