{"id":1927,"date":"2025-05-31T16:55:26","date_gmt":"2025-05-31T19:55:26","guid":{"rendered":"https:\/\/institutojr.ong.br\/?p=1927"},"modified":"2025-05-31T16:55:26","modified_gmt":"2025-05-31T19:55:26","slug":"oficina-de-grafite-e-arte-urbana-veja-o-antes-e-depois-dos-murais-feitos-pelos-alunos","status":"publish","type":"post","link":"https:\/\/institutojr.ong.br\/index.php\/2025\/05\/31\/oficina-de-grafite-e-arte-urbana-veja-o-antes-e-depois-dos-murais-feitos-pelos-alunos\/","title":{"rendered":"Oficina de Grafite e Arte Urbana: veja o antes e depois dos murais feitos pelos alunos"},"content":{"rendered":"<h1 data-start=\"254\" data-end=\"345\">Oficina de Grafite e Arte Urbana: veja o antes e depois dos murais feitos pelos alunos<\/h1>\n<p data-start=\"347\" data-end=\"465\"><em data-start=\"347\" data-end=\"465\">\u201cA arte urbana \u00e9 mais do que cor nas paredes \u2014 \u00e9 voz, identidade e transforma\u00e7\u00e3o para jovens em Ribeir\u00e3o das Neves.\u201d<\/em><\/p>\n<hr data-start=\"467\" data-end=\"470\" \/>\n<h2 data-start=\"472\" data-end=\"518\">O que \u00e9 a Oficina de Grafite e Arte Urbana?<\/h2>\n<p data-start=\"520\" data-end=\"883\">A Oficina de Grafite e Arte Urbana nasceu da vontade do Instituto Jonathan Rigueira de levar cultura, lazer e inclus\u00e3o social a jovens da periferia. Por meio do grafite, uma express\u00e3o art\u00edstica que fala diretamente da realidade e dos sonhos desses jovens, o projeto promove a ocupa\u00e7\u00e3o positiva dos espa\u00e7os p\u00fablicos com arte, criatividade e mensagens de esperan\u00e7a.<\/p>\n<p data-start=\"885\" data-end=\"1209\">Durante as aulas, os alunos aprendem t\u00e9cnicas de desenho, uso de tintas e conceitos de arte urbana, enquanto desenvolvem autoestima, senso cr\u00edtico e pertencimento cultural. Os murais, criados em parceria com escolas e comunidades locais, se transformam em verdadeiros s\u00edmbolos de resist\u00eancia e inspira\u00e7\u00e3o para toda a regi\u00e3o.<\/p>\n<p data-start=\"1211\" data-end=\"1395\">Mais do que paredes coloridas, a oficina gera oportunidades reais de desenvolvimento pessoal e coletivo, refor\u00e7ando a import\u00e2ncia da arte como instrumento de inclus\u00e3o social e di\u00e1logo.<\/p>\n<hr data-start=\"1397\" data-end=\"1400\" \/>\n<h2 data-start=\"1402\" data-end=\"1456\">Impacto da oficina em n\u00fameros e resultados vis\u00edveis<\/h2>\n<p data-start=\"1458\" data-end=\"1598\">Nos \u00faltimos meses, a Oficina de Grafite e Arte Urbana alcan\u00e7ou avan\u00e7os expressivos que mudaram o visual e a rotina dos jovens participantes:<\/p>\n<ul data-start=\"1600\" data-end=\"1966\">\n<li data-start=\"1600\" data-end=\"1663\">\n<p data-start=\"1602\" data-end=\"1663\">\ud83c\udfa8 <strong data-start=\"1605\" data-end=\"1628\">5 murais conclu\u00eddos<\/strong> em pontos estrat\u00e9gicos da cidade<\/p>\n<\/li>\n<li data-start=\"1664\" data-end=\"1744\">\n<p data-start=\"1666\" data-end=\"1744\">\ud83d\udc69\u200d\ud83c\udfa8 <strong data-start=\"1672\" data-end=\"1697\">30 jovens capacitados<\/strong> em t\u00e9cnicas de grafite e express\u00e3o art\u00edstica<\/p>\n<\/li>\n<li data-start=\"1745\" data-end=\"1808\">\n<p data-start=\"1747\" data-end=\"1808\">\ud83c\udfd9\ufe0f <strong data-start=\"1751\" data-end=\"1774\">3 escolas parceiras<\/strong> envolvidas no processo criativo<\/p>\n<\/li>\n<li data-start=\"1809\" data-end=\"1884\">\n<p data-start=\"1811\" data-end=\"1884\">\ud83d\udcac Oficinas complementares de di\u00e1logo sobre identidade e cultura urbana<\/p>\n<\/li>\n<li data-start=\"1885\" data-end=\"1966\">\n<p data-start=\"1887\" data-end=\"1966\">\ud83d\udcf8 Antes e depois registrados com fotos que mostram a transforma\u00e7\u00e3o do espa\u00e7o<\/p>\n<\/li>\n<\/ul>\n<p data-start=\"1968\" data-end=\"2130\">Esses resultados s\u00e3o provas concretas de como a arte pode transformar ambientes e vidas, oferecendo aos jovens um caminho de express\u00e3o, pertencimento e esperan\u00e7a.<\/p>\n<hr data-start=\"2132\" data-end=\"2135\" \/>\n<h3 data-start=\"2137\" data-end=\"2167\">Depoimento de participante<\/h3>\n<blockquote data-start=\"2169\" data-end=\"2366\">\n<p data-start=\"2171\" data-end=\"2366\">\u201cAntes eu s\u00f3 via muros cinzas e sem vida. Hoje, cada cor que coloco \u00e9 uma mensagem minha para a cidade. Me sinto mais confiante e parte de algo maior.\u201d<br data-start=\"2322\" data-end=\"2325\" \/>\u2014 Ana, 17 anos, participante da oficina<\/p>\n<\/blockquote>\n<hr data-start=\"2368\" data-end=\"2371\" \/>\n<h2 data-start=\"2373\" data-end=\"2414\">Participe dessa transforma\u00e7\u00e3o cultural<\/h2>\n<p data-start=\"2416\" data-end=\"2532\">A Oficina de Grafite e Arte Urbana precisa do seu apoio para continuar levando arte, inclus\u00e3o e lazer a mais jovens:<\/p>\n<ul data-start=\"2534\" data-end=\"2722\">\n<li data-start=\"2534\" data-end=\"2596\">\n<p data-start=\"2536\" data-end=\"2596\">\ud83c\udfa8 <strong data-start=\"2539\" data-end=\"2594\">Doe materiais de pintura e equipamentos de prote\u00e7\u00e3o<\/strong><\/p>\n<\/li>\n<li data-start=\"2597\" data-end=\"2656\">\n<p data-start=\"2599\" data-end=\"2656\">\ud83e\udd1d <strong data-start=\"2602\" data-end=\"2654\">Seja volunt\u00e1rio nas oficinas e eventos culturais<\/strong><\/p>\n<\/li>\n<li data-start=\"2657\" data-end=\"2722\">\n<p data-start=\"2659\" data-end=\"2722\">\ud83d\udc99 <strong data-start=\"2662\" data-end=\"2722\">Contribua financeiramente para a manuten\u00e7\u00e3o dos projetos<\/strong><\/p>\n<\/li>\n<\/ul>\n<p data-start=\"2724\" data-end=\"2937\">\u27a1\ufe0f <a class=\"\" href=\"#\" rel=\"noopener\" data-start=\"2727\" data-end=\"2796\">Clique aqui para doar ou fazer parte dessa rede de transforma\u00e7\u00e3o<\/a><br data-start=\"2796\" data-end=\"2799\" \/>\ud83d\udcf2 Siga nossos trabalhos e acompanhe os murais no Instagram: <a class=\"\" href=\"https:\/\/instagram.com\/institutojonathanrigueira\" target=\"_new\" rel=\"noopener\" data-start=\"2860\" data-end=\"2937\">@institutojonathanrigueira<\/a><\/p>\n","protected":false},"excerpt":{"rendered":"<p>Oficina de Grafite e Arte Urbana: veja o antes e depois dos murais feitos pelos alunos \u201cA arte urbana \u00e9 mais do que cor nas paredes \u2014 \u00e9 voz, identidade e transforma\u00e7\u00e3o para jovens em Ribeir\u00e3o das Neves.\u201d O que \u00e9 a Oficina de Grafite e Arte Urbana? A Oficina de Grafite e Arte Urbana [&hellip;]<\/p>\n","protected":false},"author":1,"featured_media":0,"comment_status":"open","ping_status":"open","sticky":false,"template":"","format":"standard","meta":{"footnotes":""},"categories":[60],"tags":[],"class_list":["post-1927","post","type-post","status-publish","format-standard","hentry","category-cultura-e-esporte"],"views":2,"_links":{"self":[{"href":"https:\/\/institutojr.ong.br\/index.php\/wp-json\/wp\/v2\/posts\/1927","targetHints":{"allow":["GET"]}}],"collection":[{"href":"https:\/\/institutojr.ong.br\/index.php\/wp-json\/wp\/v2\/posts"}],"about":[{"href":"https:\/\/institutojr.ong.br\/index.php\/wp-json\/wp\/v2\/types\/post"}],"author":[{"embeddable":true,"href":"https:\/\/institutojr.ong.br\/index.php\/wp-json\/wp\/v2\/users\/1"}],"replies":[{"embeddable":true,"href":"https:\/\/institutojr.ong.br\/index.php\/wp-json\/wp\/v2\/comments?post=1927"}],"version-history":[{"count":1,"href":"https:\/\/institutojr.ong.br\/index.php\/wp-json\/wp\/v2\/posts\/1927\/revisions"}],"predecessor-version":[{"id":1929,"href":"https:\/\/institutojr.ong.br\/index.php\/wp-json\/wp\/v2\/posts\/1927\/revisions\/1929"}],"wp:attachment":[{"href":"https:\/\/institutojr.ong.br\/index.php\/wp-json\/wp\/v2\/media?parent=1927"}],"wp:term":[{"taxonomy":"category","embeddable":true,"href":"https:\/\/institutojr.ong.br\/index.php\/wp-json\/wp\/v2\/categories?post=1927"},{"taxonomy":"post_tag","embeddable":true,"href":"https:\/\/institutojr.ong.br\/index.php\/wp-json\/wp\/v2\/tags?post=1927"}],"curies":[{"name":"wp","href":"https:\/\/api.w.org\/{rel}","templated":true}]}}