{"id":1921,"date":"2025-05-31T16:43:52","date_gmt":"2025-05-31T19:43:52","guid":{"rendered":"https:\/\/institutojr.ong.br\/?p=1921"},"modified":"2025-05-31T16:43:52","modified_gmt":"2025-05-31T19:43:52","slug":"como-funcionam-os-eventos-do-instituto-tudo-sobre-participacao-inscricao-e-voluntariado","status":"publish","type":"post","link":"https:\/\/institutojr.ong.br\/index.php\/2025\/05\/31\/como-funcionam-os-eventos-do-instituto-tudo-sobre-participacao-inscricao-e-voluntariado\/","title":{"rendered":"Como funcionam os eventos do Instituto? \u2013 Tudo sobre participa\u00e7\u00e3o, inscri\u00e7\u00e3o e voluntariado"},"content":{"rendered":"<h1 data-start=\"183\" data-end=\"279\">Como funcionam os eventos do Instituto? \u2013 Tudo sobre participa\u00e7\u00e3o, inscri\u00e7\u00e3o e voluntariado<\/h1>\n<p data-start=\"281\" data-end=\"381\"><strong data-start=\"281\" data-end=\"381\">\u201cPor tr\u00e1s de cada a\u00e7\u00e3o do Instituto, h\u00e1 uma rede de pessoas comprometidas em transformar vidas.\u201d<\/strong><\/p>\n<hr data-start=\"383\" data-end=\"386\" \/>\n<h2 data-start=\"388\" data-end=\"448\">Como funcionam os eventos do Instituto Jonathan Rigueira?<\/h2>\n<p data-start=\"450\" data-end=\"669\">Se voc\u00ea j\u00e1 ouviu falar do Instituto Jonathan Rigueira ou acompanhou alguma de nossas a\u00e7\u00f5es pelas redes sociais, provavelmente se perguntou: <strong data-start=\"590\" data-end=\"621\">\u201cComo eu posso participar?\u201d<\/strong>, ou <strong data-start=\"626\" data-end=\"669\">\u201cEsses eventos s\u00e3o abertos ao p\u00fablico?\u201d<\/strong><\/p>\n<p data-start=\"671\" data-end=\"893\">A resposta \u00e9 simples: <strong data-start=\"693\" data-end=\"701\">sim!<\/strong> Nossos eventos s\u00e3o feitos <strong data-start=\"728\" data-end=\"756\">pela e para a comunidade<\/strong>, com a proposta de incluir, capacitar, informar e acolher quem mais precisa \u2014 e <strong data-start=\"837\" data-end=\"892\">qualquer pessoa pode se inscrever ou se voluntariar<\/strong>.<\/p>\n<p data-start=\"895\" data-end=\"1243\">Desde mutir\u00f5es de sa\u00fade e oficinas profissionalizantes at\u00e9 festivais culturais e a\u00e7\u00f5es sociais emergenciais, <strong data-start=\"1004\" data-end=\"1051\">cada evento segue um planejamento cuidadoso<\/strong>, com etapas acess\u00edveis e participa\u00e7\u00e3o gratuita. E o melhor: h\u00e1 espa\u00e7o para voc\u00ea contribuir de diferentes formas \u2014 como participante, apoiador, volunt\u00e1rio ou at\u00e9 multiplicador de conhecimento.<\/p>\n<hr data-start=\"1245\" data-end=\"1248\" \/>\n<h2 data-start=\"1250\" data-end=\"1309\">Etapas de funcionamento: do planejamento \u00e0 transforma\u00e7\u00e3o<\/h2>\n<p data-start=\"1311\" data-end=\"1461\">Os eventos do Instituto seguem uma estrutura padronizada, pensada para garantir organiza\u00e7\u00e3o, seguran\u00e7a, impacto real e facilidade para quem participa:<\/p>\n<ol data-start=\"1463\" data-end=\"2136\">\n<li data-start=\"1463\" data-end=\"1598\">\n<p data-start=\"1466\" data-end=\"1532\">\ud83d\udcc5 <strong data-start=\"1469\" data-end=\"1530\">Divulga\u00e7\u00e3o antecipada nas redes sociais e no site oficial<\/strong><\/p>\n<ul data-start=\"1536\" data-end=\"1598\">\n<li data-start=\"1536\" data-end=\"1598\">\n<p data-start=\"1538\" data-end=\"1598\">Sempre informamos datas, hor\u00e1rios, local e objetivo da a\u00e7\u00e3o.<\/p>\n<\/li>\n<\/ul>\n<\/li>\n<li data-start=\"1600\" data-end=\"1729\">\n<p data-start=\"1603\" data-end=\"1642\">\ud83d\udcdd <strong data-start=\"1606\" data-end=\"1640\">Inscri\u00e7\u00e3o gratuita e acess\u00edvel<\/strong><\/p>\n<ul data-start=\"1646\" data-end=\"1729\">\n<li data-start=\"1646\" data-end=\"1729\">\n<p data-start=\"1648\" data-end=\"1729\">Pode ser feita online (formul\u00e1rio no site) ou presencialmente em pontos de apoio.<\/p>\n<\/li>\n<\/ul>\n<\/li>\n<li data-start=\"1731\" data-end=\"1870\">\n<p data-start=\"1734\" data-end=\"1781\">\ud83e\uddd1\u200d\ud83c\udfeb <strong data-start=\"1740\" data-end=\"1779\">Equipe capacitada e estrutura local<\/strong><\/p>\n<ul data-start=\"1785\" data-end=\"1870\">\n<li data-start=\"1785\" data-end=\"1870\">\n<p data-start=\"1787\" data-end=\"1870\">Volunt\u00e1rios, parceiros e profissionais atuam com orienta\u00e7\u00e3o da equipe do Instituto.<\/p>\n<\/li>\n<\/ul>\n<\/li>\n<li data-start=\"1872\" data-end=\"2008\">\n<p data-start=\"1875\" data-end=\"1918\">\ud83d\udcac <strong data-start=\"1878\" data-end=\"1916\">Acolhimento com empatia e inclus\u00e3o<\/strong><\/p>\n<ul data-start=\"1922\" data-end=\"2008\">\n<li data-start=\"1922\" data-end=\"2008\">\n<p data-start=\"1924\" data-end=\"2008\">Oferecemos atendimento humanizado, independente da origem, idade ou condi\u00e7\u00e3o social.<\/p>\n<\/li>\n<\/ul>\n<\/li>\n<li data-start=\"2010\" data-end=\"2136\">\n<p data-start=\"2013\" data-end=\"2062\">\ud83d\udcf8 <strong data-start=\"2016\" data-end=\"2060\">Registro, acompanhamento e transpar\u00eancia<\/strong><\/p>\n<ul data-start=\"2066\" data-end=\"2136\">\n<li data-start=\"2066\" data-end=\"2136\">\n<p data-start=\"2068\" data-end=\"2136\">Cada evento \u00e9 documentado com fotos, v\u00eddeos e relat\u00f3rios de impacto.<\/p>\n<\/li>\n<\/ul>\n<\/li>\n<\/ol>\n<p data-start=\"2138\" data-end=\"2286\">Al\u00e9m disso, h\u00e1 espa\u00e7o para <strong data-start=\"2165\" data-end=\"2255\">artistas locais, microempreendedores, profissionais da sa\u00fade, da educa\u00e7\u00e3o e da cultura<\/strong> colaborarem com sua expertise.<\/p>\n<hr data-start=\"2288\" data-end=\"2291\" \/>\n<h2 data-start=\"2293\" data-end=\"2321\">Nossos eventos em n\u00fameros<\/h2>\n<p data-start=\"2323\" data-end=\"2403\">Confira o impacto dos eventos organizados pelo Instituto s\u00f3 nos \u00faltimos 6 meses:<\/p>\n<ul data-start=\"2405\" data-end=\"2703\">\n<li data-start=\"2405\" data-end=\"2474\">\n<p data-start=\"2407\" data-end=\"2474\">\ud83e\uddd1\u200d\ud83c\udf93 <strong data-start=\"2413\" data-end=\"2474\">+1.200 pessoas capacitadas em oficinas e cursos gratuitos<\/strong><\/p>\n<\/li>\n<li data-start=\"2475\" data-end=\"2536\">\n<p data-start=\"2477\" data-end=\"2536\">\ud83c\udfa8 <strong data-start=\"2480\" data-end=\"2536\">+400 participantes em eventos culturais e art\u00edsticos<\/strong><\/p>\n<\/li>\n<li data-start=\"2537\" data-end=\"2595\">\n<p data-start=\"2539\" data-end=\"2595\">\ud83e\ude7a <strong data-start=\"2542\" data-end=\"2595\">+850 atendimentos realizados em mutir\u00f5es de sa\u00fade<\/strong><\/p>\n<\/li>\n<li data-start=\"2596\" data-end=\"2646\">\n<p data-start=\"2598\" data-end=\"2646\">\ud83e\udd1d <strong data-start=\"2601\" data-end=\"2646\">+100 volunt\u00e1rios ativos em a\u00e7\u00f5es diversas<\/strong><\/p>\n<\/li>\n<li data-start=\"2647\" data-end=\"2703\">\n<p data-start=\"2649\" data-end=\"2703\">\ud83e\uddfa <strong data-start=\"2652\" data-end=\"2703\">+600 fam\u00edlias atendidas em campanhas solid\u00e1rias<\/strong><\/p>\n<\/li>\n<\/ul>\n<p data-start=\"2705\" data-end=\"2838\">Esses n\u00fameros crescem a cada m\u00eas, e <strong data-start=\"2741\" data-end=\"2788\">voc\u00ea pode ser o pr\u00f3ximo a fazer parte disso<\/strong> \u2014 seja como benefici\u00e1rio, parceiro ou volunt\u00e1rio.<\/p>\n<hr data-start=\"2840\" data-end=\"2843\" \/>\n<h3 data-start=\"2845\" data-end=\"2899\">\u201cComecei como participante e hoje sou volunt\u00e1rio.\u201d<\/h3>\n<blockquote data-start=\"2901\" data-end=\"3208\">\n<p data-start=\"2903\" data-end=\"3208\"><em data-start=\"2903\" data-end=\"3146\">\u201cParticipei de uma oficina de capacita\u00e7\u00e3o no Instituto ano passado. Me senti acolhido e incentivado. Quando vi uma nova a\u00e7\u00e3o acontecendo, me ofereci como volunt\u00e1rio. Hoje ajudo a montar eventos e falo com orgulho: aqui \u00e9 minha segunda casa.\u201d<\/em><br data-start=\"3146\" data-end=\"3149\" \/>\u2014 <strong data-start=\"3151\" data-end=\"3208\">M\u00e1rcio Ferreira, 28 anos, volunt\u00e1rio ativo desde 2023<\/strong><\/p>\n<\/blockquote>\n<hr data-start=\"3210\" data-end=\"3213\" \/>\n<h2 data-start=\"3215\" data-end=\"3255\">Quer participar ou ajudar? Veja como!<\/h2>\n<p data-start=\"3257\" data-end=\"3342\">Voc\u00ea pode se envolver com os eventos do Instituto Jonathan Rigueira de v\u00e1rias formas:<\/p>\n<ul data-start=\"3344\" data-end=\"3594\">\n<li data-start=\"3344\" data-end=\"3428\">\n<p data-start=\"3346\" data-end=\"3428\">\u270d\ufe0f <strong data-start=\"3349\" data-end=\"3395\">Inscrevendo-se para participar dos eventos<\/strong> (cursos, oficinas, atendimentos)<\/p>\n<\/li>\n<li data-start=\"3429\" data-end=\"3506\">\n<p data-start=\"3431\" data-end=\"3506\">\ud83d\udc50 <strong data-start=\"3434\" data-end=\"3470\">Oferecendo ajuda como volunt\u00e1rio<\/strong> (tempo, talento, for\u00e7a de trabalho)<\/p>\n<\/li>\n<li data-start=\"3507\" data-end=\"3594\">\n<p data-start=\"3509\" data-end=\"3594\">\ud83d\udc99 <strong data-start=\"3512\" data-end=\"3548\">Apoiando com doa\u00e7\u00f5es ou servi\u00e7os<\/strong> (materiais, espa\u00e7os, alimenta\u00e7\u00e3o, transporte)<\/p>\n<\/li>\n<\/ul>\n<p data-start=\"3596\" data-end=\"3750\">\ud83d\udd17 <strong data-start=\"3599\" data-end=\"3661\"><a class=\"\" href=\"#\" rel=\"noopener\" data-start=\"3601\" data-end=\"3659\">Clique aqui para se inscrever, doar ou ser volunt\u00e1rio<\/a><\/strong><br data-start=\"3661\" data-end=\"3664\" \/>\ud83d\udcf2 E siga o @institutojonathanrigueira nas redes sociais para n\u00e3o perder nenhuma a\u00e7\u00e3o.<\/p>\n","protected":false},"excerpt":{"rendered":"<p>Como funcionam os eventos do Instituto? \u2013 Tudo sobre participa\u00e7\u00e3o, inscri\u00e7\u00e3o e voluntariado \u201cPor tr\u00e1s de cada a\u00e7\u00e3o do Instituto, h\u00e1 uma rede de pessoas comprometidas em transformar vidas.\u201d Como funcionam os eventos do Instituto Jonathan Rigueira? Se voc\u00ea j\u00e1 ouviu falar do Instituto Jonathan Rigueira ou acompanhou alguma de nossas a\u00e7\u00f5es pelas redes sociais, [&hellip;]<\/p>\n","protected":false},"author":1,"featured_media":0,"comment_status":"open","ping_status":"open","sticky":false,"template":"","format":"standard","meta":{"footnotes":""},"categories":[66],"tags":[],"class_list":["post-1921","post","type-post","status-publish","format-standard","hentry","category-agenda-e-eventos"],"views":1,"_links":{"self":[{"href":"https:\/\/institutojr.ong.br\/index.php\/wp-json\/wp\/v2\/posts\/1921","targetHints":{"allow":["GET"]}}],"collection":[{"href":"https:\/\/institutojr.ong.br\/index.php\/wp-json\/wp\/v2\/posts"}],"about":[{"href":"https:\/\/institutojr.ong.br\/index.php\/wp-json\/wp\/v2\/types\/post"}],"author":[{"embeddable":true,"href":"https:\/\/institutojr.ong.br\/index.php\/wp-json\/wp\/v2\/users\/1"}],"replies":[{"embeddable":true,"href":"https:\/\/institutojr.ong.br\/index.php\/wp-json\/wp\/v2\/comments?post=1921"}],"version-history":[{"count":1,"href":"https:\/\/institutojr.ong.br\/index.php\/wp-json\/wp\/v2\/posts\/1921\/revisions"}],"predecessor-version":[{"id":1923,"href":"https:\/\/institutojr.ong.br\/index.php\/wp-json\/wp\/v2\/posts\/1921\/revisions\/1923"}],"wp:attachment":[{"href":"https:\/\/institutojr.ong.br\/index.php\/wp-json\/wp\/v2\/media?parent=1921"}],"wp:term":[{"taxonomy":"category","embeddable":true,"href":"https:\/\/institutojr.ong.br\/index.php\/wp-json\/wp\/v2\/categories?post=1921"},{"taxonomy":"post_tag","embeddable":true,"href":"https:\/\/institutojr.ong.br\/index.php\/wp-json\/wp\/v2\/tags?post=1921"}],"curies":[{"name":"wp","href":"https:\/\/api.w.org\/{rel}","templated":true}]}}