{"id":1918,"date":"2025-05-31T16:42:32","date_gmt":"2025-05-31T19:42:32","guid":{"rendered":"https:\/\/institutojr.ong.br\/?p=1918"},"modified":"2025-05-31T16:42:32","modified_gmt":"2025-05-31T19:42:32","slug":"retrospectiva-do-mes-veja-as-fotos-e-depoimentos-dos-nossos-eventos-mais-marcantes","status":"publish","type":"post","link":"https:\/\/institutojr.ong.br\/index.php\/2025\/05\/31\/retrospectiva-do-mes-veja-as-fotos-e-depoimentos-dos-nossos-eventos-mais-marcantes\/","title":{"rendered":"Retrospectiva do M\u00eas: veja as fotos e depoimentos dos nossos eventos mais marcantes"},"content":{"rendered":"<h1 data-start=\"233\" data-end=\"321\">Retrospectiva do M\u00eas: veja as fotos e depoimentos dos nossos eventos mais marcantes<\/h1>\n<p data-start=\"323\" data-end=\"408\"><strong data-start=\"323\" data-end=\"408\">\u201cCada clique carrega uma hist\u00f3ria. Cada evento, um impacto que transforma vidas.\u201d<\/strong><\/p>\n<hr data-start=\"410\" data-end=\"413\" \/>\n<h2 data-start=\"415\" data-end=\"472\">O que foi destaque nos eventos do Instituto neste m\u00eas?<\/h2>\n<p data-start=\"474\" data-end=\"829\">O m\u00eas que passou foi repleto de a\u00e7\u00e3o, emo\u00e7\u00e3o e transforma\u00e7\u00e3o para o Instituto Jonathan Rigueira. Com uma programa\u00e7\u00e3o intensa voltada \u00e0 educa\u00e7\u00e3o, cidadania, sa\u00fade e cultura, o Instituto refor\u00e7ou seu compromisso com a popula\u00e7\u00e3o de <strong data-start=\"703\" data-end=\"725\">Ribeir\u00e3o das Neves<\/strong>, proporcionando oportunidades reais de crescimento, aprendizado e acolhimento para centenas de pessoas.<\/p>\n<p data-start=\"831\" data-end=\"1173\">Em cada evento, o que se viu foi a for\u00e7a da comunidade em movimento. Jovens que deram o primeiro passo rumo ao emprego, fam\u00edlias acolhidas com dignidade em a\u00e7\u00f5es sociais e talentos locais ganhando espa\u00e7o e reconhecimento. Tudo isso foi registrado em <strong data-start=\"1081\" data-end=\"1131\">imagens emocionantes e depoimentos impactantes<\/strong> que mostram a ess\u00eancia do nosso trabalho.<\/p>\n<p data-start=\"1175\" data-end=\"1331\">Nesta retrospectiva do m\u00eas, convidamos voc\u00ea a reviver conosco os melhores momentos, sentir a energia das a\u00e7\u00f5es e conhecer os rostos por tr\u00e1s das conquistas.<\/p>\n<hr data-start=\"1333\" data-end=\"1336\" \/>\n<h2 data-start=\"1338\" data-end=\"1374\">Os eventos que marcaram nosso m\u00eas<\/h2>\n<p data-start=\"1376\" data-end=\"1525\">Durante as \u00faltimas semanas, realizamos diversas a\u00e7\u00f5es e encontros comunit\u00e1rios com foco em diferentes \u00e1reas de atua\u00e7\u00e3o. Veja os principais destaques:<\/p>\n<ul data-start=\"1527\" data-end=\"2184\">\n<li data-start=\"1527\" data-end=\"1658\">\n<p data-start=\"1529\" data-end=\"1658\">\ud83d\udee0\ufe0f <strong data-start=\"1533\" data-end=\"1570\">Oficina de Curr\u00edculo e Entrevista<\/strong>: capacita\u00e7\u00e3o pr\u00e1tica para 60 participantes em busca de inser\u00e7\u00e3o no mercado de trabalho.<\/p>\n<\/li>\n<li data-start=\"1659\" data-end=\"1801\">\n<p data-start=\"1661\" data-end=\"1801\">\ud83d\udc8a <strong data-start=\"1664\" data-end=\"1701\">Mutir\u00e3o de Sa\u00fade \u201cCuidar \u00e9 Viver\u201d<\/strong>: atendimento m\u00e9dico gratuito para mais de 300 pessoas, com aferi\u00e7\u00f5es, testes r\u00e1pidos e orienta\u00e7\u00f5es.<\/p>\n<\/li>\n<li data-start=\"1802\" data-end=\"1924\">\n<p data-start=\"1804\" data-end=\"1924\">\ud83c\udfa4 <strong data-start=\"1807\" data-end=\"1842\">Festival Talentos da Comunidade<\/strong>: palco aberto para 25 apresenta\u00e7\u00f5es art\u00edsticas de dan\u00e7a, m\u00fasica, poesia e teatro.<\/p>\n<\/li>\n<li data-start=\"1925\" data-end=\"2068\">\n<p data-start=\"1927\" data-end=\"2068\">\ud83d\udc5f <strong data-start=\"1930\" data-end=\"1954\">Campanha do Agasalho<\/strong>: arrecada\u00e7\u00e3o e entrega de roupas, cal\u00e7ados e cobertores para mais de 310 fam\u00edlias em situa\u00e7\u00e3o de vulnerabilidade.<\/p>\n<\/li>\n<li data-start=\"2069\" data-end=\"2184\">\n<p data-start=\"2071\" data-end=\"2184\">\ud83d\udcda <strong data-start=\"2074\" data-end=\"2117\">Roda de Conversa sobre Direitos Sociais<\/strong>: debate com l\u00edderes comunit\u00e1rios, assistentes sociais e moradores.<\/p>\n<\/li>\n<\/ul>\n<p data-start=\"2186\" data-end=\"2340\">Todas essas a\u00e7\u00f5es foram registradas por nossa equipe de comunica\u00e7\u00e3o, resultando em <strong data-start=\"2269\" data-end=\"2305\">fotos que contam hist\u00f3rias reais<\/strong> e depoimentos que tocam o cora\u00e7\u00e3o.<\/p>\n<hr data-start=\"2342\" data-end=\"2345\" \/>\n<h3 data-start=\"2347\" data-end=\"2407\">\u201cAqui n\u00e3o \u00e9 s\u00f3 evento. Aqui \u00e9 transforma\u00e7\u00e3o de verdade.\u201d<\/h3>\n<blockquote data-start=\"2409\" data-end=\"2668\">\n<p data-start=\"2411\" data-end=\"2668\"><em data-start=\"2411\" data-end=\"2600\">\u201cEu achava que era s\u00f3 mais uma oficina. Mas sa\u00ed de l\u00e1 com curr\u00edculo pronto, confian\u00e7a renovada e a esperan\u00e7a de voltar ao mercado. O Instituto n\u00e3o entrega s\u00f3 conte\u00fado, entrega dignidade.\u201d<\/em><br data-start=\"2600\" data-end=\"2603\" \/>\u2014 <strong data-start=\"2605\" data-end=\"2668\">Fernanda Alves, 34 anos, participante da oficina de emprego<\/strong><\/p>\n<\/blockquote>\n<hr data-start=\"2670\" data-end=\"2673\" \/>\n<h2 data-start=\"2675\" data-end=\"2719\">Veja as fotos e compartilhe essa energia!<\/h2>\n<p data-start=\"2721\" data-end=\"2993\">\ud83d\udcf8 Confira nossa <strong data-start=\"2738\" data-end=\"2769\">galeria completa de imagens<\/strong> dos eventos do m\u00eas acessando o site ou nossas redes sociais.<br data-start=\"2830\" data-end=\"2833\" \/>\ud83d\udcac Leia os <strong data-start=\"2844\" data-end=\"2872\">depoimentos emocionantes<\/strong> de quem viveu essas experi\u00eancias.<br data-start=\"2906\" data-end=\"2909\" \/>\ud83e\udef6 Compartilhe com amigos, familiares e empresas que podem somar com esse movimento.<\/p>\n<p data-start=\"2995\" data-end=\"3168\"><strong data-start=\"2995\" data-end=\"3073\">\u27a1\ufe0f <a class=\"\" href=\"#\" rel=\"noopener\" data-start=\"3000\" data-end=\"3071\">Clique aqui para ver a galeria de fotos e os depoimentos completos<\/a><\/strong><br data-start=\"3073\" data-end=\"3076\" \/><strong data-start=\"3076\" data-end=\"3168\">Nos siga no Instagram @institutojonathanrigueira e acompanhe cada passo da nossa miss\u00e3o.<\/strong><\/p>\n<hr data-start=\"3170\" data-end=\"3173\" \/>\n","protected":false},"excerpt":{"rendered":"<p>Retrospectiva do M\u00eas: veja as fotos e depoimentos dos nossos eventos mais marcantes \u201cCada clique carrega uma hist\u00f3ria. Cada evento, um impacto que transforma vidas.\u201d O que foi destaque nos eventos do Instituto neste m\u00eas? O m\u00eas que passou foi repleto de a\u00e7\u00e3o, emo\u00e7\u00e3o e transforma\u00e7\u00e3o para o Instituto Jonathan Rigueira. Com uma programa\u00e7\u00e3o intensa [&hellip;]<\/p>\n","protected":false},"author":1,"featured_media":0,"comment_status":"open","ping_status":"open","sticky":false,"template":"","format":"standard","meta":{"footnotes":""},"categories":[66],"tags":[],"class_list":["post-1918","post","type-post","status-publish","format-standard","hentry","category-agenda-e-eventos"],"views":2,"_links":{"self":[{"href":"https:\/\/institutojr.ong.br\/index.php\/wp-json\/wp\/v2\/posts\/1918","targetHints":{"allow":["GET"]}}],"collection":[{"href":"https:\/\/institutojr.ong.br\/index.php\/wp-json\/wp\/v2\/posts"}],"about":[{"href":"https:\/\/institutojr.ong.br\/index.php\/wp-json\/wp\/v2\/types\/post"}],"author":[{"embeddable":true,"href":"https:\/\/institutojr.ong.br\/index.php\/wp-json\/wp\/v2\/users\/1"}],"replies":[{"embeddable":true,"href":"https:\/\/institutojr.ong.br\/index.php\/wp-json\/wp\/v2\/comments?post=1918"}],"version-history":[{"count":1,"href":"https:\/\/institutojr.ong.br\/index.php\/wp-json\/wp\/v2\/posts\/1918\/revisions"}],"predecessor-version":[{"id":1920,"href":"https:\/\/institutojr.ong.br\/index.php\/wp-json\/wp\/v2\/posts\/1918\/revisions\/1920"}],"wp:attachment":[{"href":"https:\/\/institutojr.ong.br\/index.php\/wp-json\/wp\/v2\/media?parent=1918"}],"wp:term":[{"taxonomy":"category","embeddable":true,"href":"https:\/\/institutojr.ong.br\/index.php\/wp-json\/wp\/v2\/categories?post=1918"},{"taxonomy":"post_tag","embeddable":true,"href":"https:\/\/institutojr.ong.br\/index.php\/wp-json\/wp\/v2\/tags?post=1918"}],"curies":[{"name":"wp","href":"https:\/\/api.w.org\/{rel}","templated":true}]}}