{"id":1915,"date":"2025-05-31T16:41:20","date_gmt":"2025-05-31T19:41:20","guid":{"rendered":"https:\/\/institutojr.ong.br\/?p=1915"},"modified":"2025-05-31T16:41:20","modified_gmt":"2025-05-31T19:41:20","slug":"oficina-de-curriculo-e-entrevista-inscreva-se-e-se-prepare-para-o-mercado","status":"publish","type":"post","link":"https:\/\/institutojr.ong.br\/index.php\/2025\/05\/31\/oficina-de-curriculo-e-entrevista-inscreva-se-e-se-prepare-para-o-mercado\/","title":{"rendered":"Oficina de Curr\u00edculo e Entrevista: inscreva-se e se prepare para o mercado"},"content":{"rendered":"<h1 data-start=\"228\" data-end=\"308\">Oficina de Curr\u00edculo e Entrevista: inscreva-se e se prepare para o mercado<\/h1>\n<p data-start=\"310\" data-end=\"392\"><strong data-start=\"310\" data-end=\"392\">\u201cUm bom curr\u00edculo abre portas. Mas \u00e9 a prepara\u00e7\u00e3o que faz voc\u00ea atravess\u00e1-las.\u201d<\/strong><\/p>\n<hr data-start=\"394\" data-end=\"397\" \/>\n<h2 data-start=\"399\" data-end=\"446\">O que \u00e9 a Oficina de Curr\u00edculo e Entrevista?<\/h2>\n<p data-start=\"448\" data-end=\"802\">Em um momento em que a competitividade no mercado de trabalho aumenta a cada dia, estar preparado faz toda a diferen\u00e7a. Pensando nisso, o <strong data-start=\"586\" data-end=\"617\">Instituto Jonathan Rigueira<\/strong> est\u00e1 promovendo mais uma edi\u00e7\u00e3o da <strong data-start=\"653\" data-end=\"690\">Oficina de Curr\u00edculo e Entrevista<\/strong>, voltada para jovens e adultos que est\u00e3o em busca do primeiro emprego ou de uma nova oportunidade profissional.<\/p>\n<p data-start=\"804\" data-end=\"1177\">A oficina ser\u00e1 conduzida por profissionais de RH e consultores de carreira parceiros do Instituto, com foco em <strong data-start=\"915\" data-end=\"997\">tornar os participantes mais confiantes e capacitados para processos seletivos<\/strong>. Em formato din\u00e2mico e acess\u00edvel, os participantes v\u00e3o aprender a elaborar um curr\u00edculo atrativo, evitar erros comuns e se preparar para entrevistas com seguran\u00e7a e autenticidade.<\/p>\n<p data-start=\"1179\" data-end=\"1415\">Mais do que ensinar t\u00e9cnicas, o evento tem como objetivo <strong data-start=\"1236\" data-end=\"1289\">resgatar a autoestima e gerar oportunidades reais<\/strong> para quem enfrenta dificuldades na inser\u00e7\u00e3o profissional, especialmente em comunidades perif\u00e9ricas de <strong data-start=\"1392\" data-end=\"1414\">Ribeir\u00e3o das Neves<\/strong>.<\/p>\n<hr data-start=\"1417\" data-end=\"1420\" \/>\n<h2 data-start=\"1422\" data-end=\"1456\">O que ser\u00e1 abordado na oficina?<\/h2>\n<p data-start=\"1458\" data-end=\"1655\">Durante a oficina, os participantes ter\u00e3o acesso a um conte\u00fado pr\u00e1tico e aplic\u00e1vel, voltado para o dia a dia de quem est\u00e1 tentando conquistar uma vaga de emprego. Entre os t\u00f3picos abordados, est\u00e3o:<\/p>\n<ul data-start=\"1657\" data-end=\"2010\">\n<li data-start=\"1657\" data-end=\"1722\">\n<p data-start=\"1659\" data-end=\"1722\">\ud83d\udcc4 <strong data-start=\"1662\" data-end=\"1722\">Como montar um curr\u00edculo atrativo, mesmo sem experi\u00eancia<\/strong><\/p>\n<\/li>\n<li data-start=\"1723\" data-end=\"1788\">\n<p data-start=\"1725\" data-end=\"1788\">\ud83d\udeab <strong data-start=\"1728\" data-end=\"1788\">Erros mais comuns que eliminam candidatos logo no in\u00edcio<\/strong><\/p>\n<\/li>\n<li data-start=\"1789\" data-end=\"1859\">\n<p data-start=\"1791\" data-end=\"1859\">\ud83d\udcac <strong data-start=\"1794\" data-end=\"1859\">T\u00e9cnicas para se sair bem em entrevistas presenciais e online<\/strong><\/p>\n<\/li>\n<li data-start=\"1860\" data-end=\"1929\">\n<p data-start=\"1862\" data-end=\"1929\">\ud83c\udfaf <strong data-start=\"1865\" data-end=\"1929\">Como destacar suas habilidades pessoais e atitudes positivas<\/strong><\/p>\n<\/li>\n<li data-start=\"1930\" data-end=\"2010\">\n<p data-start=\"1932\" data-end=\"2010\">\ud83d\udca1 <strong data-start=\"1935\" data-end=\"2010\">Dicas para se portar bem, vestir-se adequadamente e ter boa comunica\u00e7\u00e3o<\/strong><\/p>\n<\/li>\n<\/ul>\n<p data-start=\"2012\" data-end=\"2193\">Al\u00e9m disso, ao final do encontro, haver\u00e1 um momento de <strong data-start=\"2067\" data-end=\"2095\">simula\u00e7\u00e3o de entrevistas<\/strong>, para que os participantes possam praticar com orientadores e receber feedbacks individualizados.<\/p>\n<hr data-start=\"2195\" data-end=\"2198\" \/>\n<h2 data-start=\"2200\" data-end=\"2241\">Resultados esperados e impacto da a\u00e7\u00e3o<\/h2>\n<p data-start=\"2243\" data-end=\"2408\">A oficina \u00e9 parte de um conjunto de a\u00e7\u00f5es de <strong data-start=\"2288\" data-end=\"2331\">qualifica\u00e7\u00e3o para o mercado de trabalho<\/strong> promovidas pelo Instituto. A expectativa de impacto para essa edi\u00e7\u00e3o inclui:<\/p>\n<ul data-start=\"2410\" data-end=\"2707\">\n<li data-start=\"2410\" data-end=\"2458\">\n<p data-start=\"2412\" data-end=\"2458\">\ud83d\udc65 <strong data-start=\"2415\" data-end=\"2458\">60 vagas dispon\u00edveis para participantes<\/strong><\/p>\n<\/li>\n<li data-start=\"2459\" data-end=\"2520\">\n<p data-start=\"2461\" data-end=\"2520\">\ud83d\udcdd <strong data-start=\"2464\" data-end=\"2520\">Entrega de curr\u00edculo impresso com apoio do Instituto<\/strong><\/p>\n<\/li>\n<li data-start=\"2521\" data-end=\"2582\">\n<p data-start=\"2523\" data-end=\"2582\">\ud83e\udd1d <strong data-start=\"2526\" data-end=\"2582\">Encaminhamento de curr\u00edculos para empresas parceiras<\/strong><\/p>\n<\/li>\n<li data-start=\"2583\" data-end=\"2647\">\n<p data-start=\"2585\" data-end=\"2647\">\ud83c\udf81 <strong data-start=\"2588\" data-end=\"2647\">Certificado de participa\u00e7\u00e3o emitido ao final da oficina<\/strong><\/p>\n<\/li>\n<li data-start=\"2648\" data-end=\"2707\">\n<p data-start=\"2650\" data-end=\"2707\">\ud83d\udcbc <strong data-start=\"2653\" data-end=\"2707\">Participantes j\u00e1 contratados em edi\u00e7\u00f5es anteriores<\/strong><\/p>\n<\/li>\n<\/ul>\n<hr data-start=\"2709\" data-end=\"2712\" \/>\n<h3 data-start=\"2714\" data-end=\"2786\">\u201cDepois da oficina, fui chamado pra tr\u00eas entrevistas em uma semana.\u201d<\/h3>\n<blockquote data-start=\"2788\" data-end=\"3056\">\n<p data-start=\"2790\" data-end=\"3056\"><em data-start=\"2790\" data-end=\"2992\">\u201cEu achava que meu curr\u00edculo tava bom, mas tava todo errado. Na oficina, me explicaram tudo com paci\u00eancia. Depois, recebi ajuda pra imprimir e enviar. Em uma semana, fui chamado pra tr\u00eas entrevistas!\u201d<\/em><br data-start=\"2992\" data-end=\"2995\" \/>\u2014 <strong data-start=\"2997\" data-end=\"3056\">Leandro Silva, 25 anos, participante da edi\u00e7\u00e3o anterior<\/strong><\/p>\n<\/blockquote>\n<hr data-start=\"3058\" data-end=\"3061\" \/>\n<h2 data-start=\"3063\" data-end=\"3084\">Como se inscrever?<\/h2>\n<p data-start=\"3086\" data-end=\"3305\">As inscri\u00e7\u00f5es s\u00e3o <strong data-start=\"3104\" data-end=\"3117\">gratuitas<\/strong> e podem ser feitas online pelo site do Instituto ou presencialmente na sede. As vagas s\u00e3o <strong data-start=\"3208\" data-end=\"3221\">limitadas<\/strong>, e todos os participantes receber\u00e3o material impresso e lanche durante a atividade.<\/p>\n<p data-start=\"3307\" data-end=\"3491\">\ud83d\udccd <strong data-start=\"3310\" data-end=\"3318\">Data<\/strong>: 6 de julho<br data-start=\"3330\" data-end=\"3333\" \/>\ud83d\udd58 <strong data-start=\"3336\" data-end=\"3347\">Hor\u00e1rio<\/strong>: 9h \u00e0s 12h<br data-start=\"3358\" data-end=\"3361\" \/>\ud83d\udccc <strong data-start=\"3364\" data-end=\"3373\">Local<\/strong>: Sede do Instituto Jonathan Rigueira \u2013 Ribeir\u00e3o das Neves<br data-start=\"3431\" data-end=\"3434\" \/>\ud83d\udcf2 <strong data-start=\"3437\" data-end=\"3489\"><a class=\"\" href=\"#\" rel=\"noopener\" data-start=\"3439\" data-end=\"3487\">Clique aqui para se inscrever gratuitamente<\/a><\/strong><\/p>\n<p data-start=\"3493\" data-end=\"3550\"><strong data-start=\"3493\" data-end=\"3550\">Participe e d\u00ea um passo rumo \u00e0 sua nova oportunidade!<\/strong><\/p>\n","protected":false},"excerpt":{"rendered":"<p>Oficina de Curr\u00edculo e Entrevista: inscreva-se e se prepare para o mercado \u201cUm bom curr\u00edculo abre portas. Mas \u00e9 a prepara\u00e7\u00e3o que faz voc\u00ea atravess\u00e1-las.\u201d O que \u00e9 a Oficina de Curr\u00edculo e Entrevista? Em um momento em que a competitividade no mercado de trabalho aumenta a cada dia, estar preparado faz toda a diferen\u00e7a. [&hellip;]<\/p>\n","protected":false},"author":1,"featured_media":0,"comment_status":"open","ping_status":"open","sticky":false,"template":"","format":"standard","meta":{"footnotes":""},"categories":[66],"tags":[],"class_list":["post-1915","post","type-post","status-publish","format-standard","hentry","category-agenda-e-eventos"],"views":2,"_links":{"self":[{"href":"https:\/\/institutojr.ong.br\/index.php\/wp-json\/wp\/v2\/posts\/1915","targetHints":{"allow":["GET"]}}],"collection":[{"href":"https:\/\/institutojr.ong.br\/index.php\/wp-json\/wp\/v2\/posts"}],"about":[{"href":"https:\/\/institutojr.ong.br\/index.php\/wp-json\/wp\/v2\/types\/post"}],"author":[{"embeddable":true,"href":"https:\/\/institutojr.ong.br\/index.php\/wp-json\/wp\/v2\/users\/1"}],"replies":[{"embeddable":true,"href":"https:\/\/institutojr.ong.br\/index.php\/wp-json\/wp\/v2\/comments?post=1915"}],"version-history":[{"count":1,"href":"https:\/\/institutojr.ong.br\/index.php\/wp-json\/wp\/v2\/posts\/1915\/revisions"}],"predecessor-version":[{"id":1917,"href":"https:\/\/institutojr.ong.br\/index.php\/wp-json\/wp\/v2\/posts\/1915\/revisions\/1917"}],"wp:attachment":[{"href":"https:\/\/institutojr.ong.br\/index.php\/wp-json\/wp\/v2\/media?parent=1915"}],"wp:term":[{"taxonomy":"category","embeddable":true,"href":"https:\/\/institutojr.ong.br\/index.php\/wp-json\/wp\/v2\/categories?post=1915"},{"taxonomy":"post_tag","embeddable":true,"href":"https:\/\/institutojr.ong.br\/index.php\/wp-json\/wp\/v2\/tags?post=1915"}],"curies":[{"name":"wp","href":"https:\/\/api.w.org\/{rel}","templated":true}]}}