{"id":1912,"date":"2025-05-31T16:39:01","date_gmt":"2025-05-31T19:39:01","guid":{"rendered":"https:\/\/institutojr.ong.br\/?p=1912"},"modified":"2025-05-31T16:39:01","modified_gmt":"2025-05-31T19:39:01","slug":"festival-talentos-da-comunidade-participe-com-musica-danca-e-poesia","status":"publish","type":"post","link":"https:\/\/institutojr.ong.br\/index.php\/2025\/05\/31\/festival-talentos-da-comunidade-participe-com-musica-danca-e-poesia\/","title":{"rendered":"Festival Talentos da Comunidade: participe com m\u00fasica, dan\u00e7a e poesia!"},"content":{"rendered":"<h1 data-start=\"225\" data-end=\"300\">Festival Talentos da Comunidade: participe com m\u00fasica, dan\u00e7a e poesia!<\/h1>\n<p data-start=\"302\" data-end=\"365\"><strong data-start=\"302\" data-end=\"365\">\u201cTodo talento merece palco \u2014 e toda voz merece ser ouvida.\u201d<\/strong><\/p>\n<hr data-start=\"367\" data-end=\"370\" \/>\n<h2 data-start=\"372\" data-end=\"417\">O que \u00e9 o Festival Talentos da Comunidade?<\/h2>\n<p data-start=\"419\" data-end=\"739\">O <strong data-start=\"421\" data-end=\"456\">Festival Talentos da Comunidade<\/strong> \u00e9 uma celebra\u00e7\u00e3o da arte, da cultura e da identidade dos moradores de <strong data-start=\"527\" data-end=\"549\">Ribeir\u00e3o das Neves<\/strong> e regi\u00e3o. Promovido pelo <strong data-start=\"575\" data-end=\"606\">Instituto Jonathan Rigueira<\/strong>, o evento busca revelar talentos locais nas mais diversas express\u00f5es: <strong data-start=\"677\" data-end=\"738\">m\u00fasica, dan\u00e7a, poesia, teatro, artes visuais e muito mais<\/strong>.<\/p>\n<p data-start=\"741\" data-end=\"968\">Mais do que um show, o festival \u00e9 um espa\u00e7o de <strong data-start=\"788\" data-end=\"824\">valoriza\u00e7\u00e3o das ra\u00edzes culturais<\/strong>, fortalecimento da autoestima e <strong data-start=\"857\" data-end=\"915\">oportunidade de visibilidade para artistas perif\u00e9ricos<\/strong> que raramente t\u00eam acesso a palcos e eventos formais.<\/p>\n<p data-start=\"970\" data-end=\"1210\">A iniciativa surgiu da escuta ativa com a comunidade, que expressou o desejo de ter um espa\u00e7o para se expressar, ser reconhecida e emocionar atrav\u00e9s da arte. Agora, esse sonho coletivo se torna realidade \u2014 e <strong data-start=\"1178\" data-end=\"1210\">as inscri\u00e7\u00f5es est\u00e3o abertas!<\/strong><\/p>\n<hr data-start=\"1212\" data-end=\"1215\" \/>\n<h2 data-start=\"1217\" data-end=\"1271\">Como participar do Festival Talentos da Comunidade?<\/h2>\n<p data-start=\"1273\" data-end=\"1384\">O festival acontecer\u00e1 no dia <strong data-start=\"1302\" data-end=\"1317\">29 de junho<\/strong>, no <strong data-start=\"1322\" data-end=\"1347\">Centro Cultural Neves<\/strong>, e est\u00e1 com inscri\u00e7\u00f5es abertas para:<\/p>\n<ul data-start=\"1386\" data-end=\"1658\">\n<li data-start=\"1386\" data-end=\"1433\">\n<p data-start=\"1388\" data-end=\"1433\">\ud83c\udfa4 Cantores solo, duplas ou grupos musicais<\/p>\n<\/li>\n<li data-start=\"1434\" data-end=\"1497\">\n<p data-start=\"1436\" data-end=\"1497\">\ud83d\udc83 Grupos de dan\u00e7a urbana, contempor\u00e2nea, cultural ou livre<\/p>\n<\/li>\n<li data-start=\"1498\" data-end=\"1544\">\n<p data-start=\"1500\" data-end=\"1544\">\ud83c\udfad Apresenta\u00e7\u00f5es teatrais ou perform\u00e1ticas<\/p>\n<\/li>\n<li data-start=\"1545\" data-end=\"1604\">\n<p data-start=\"1547\" data-end=\"1604\">\ud83d\udcdd Poetas e escritores para recital de poesias autorais<\/p>\n<\/li>\n<li data-start=\"1605\" data-end=\"1658\">\n<p data-start=\"1607\" data-end=\"1658\">\ud83d\uddbc\ufe0f Exposi\u00e7\u00e3o de artes pl\u00e1sticas e artesanato local<\/p>\n<\/li>\n<\/ul>\n<p data-start=\"1660\" data-end=\"1939\">A participa\u00e7\u00e3o \u00e9 <strong data-start=\"1677\" data-end=\"1689\">gratuita<\/strong> e aberta a todas as idades. Os selecionados se apresentar\u00e3o em um palco estruturado com som, luz e cobertura fotogr\u00e1fica. Haver\u00e1 ainda <strong data-start=\"1825\" data-end=\"1877\">pr\u00eamios simb\u00f3licos, certificados de participa\u00e7\u00e3o<\/strong> e destaque dos artistas no blog e redes sociais do Instituto.<\/p>\n<hr data-start=\"1941\" data-end=\"1944\" \/>\n<h2 data-start=\"1946\" data-end=\"1986\">N\u00fameros esperados e impacto do evento<\/h2>\n<p data-start=\"1988\" data-end=\"2106\">O Festival Talentos da Comunidade n\u00e3o \u00e9 s\u00f3 um evento, \u00e9 uma mobiliza\u00e7\u00e3o cultural com impacto real. A expectativa \u00e9 de:<\/p>\n<ul data-start=\"2108\" data-end=\"2407\">\n<li data-start=\"2108\" data-end=\"2153\">\n<p data-start=\"2110\" data-end=\"2153\">\ud83c\udf99\ufe0f <strong data-start=\"2114\" data-end=\"2153\">30 apresenta\u00e7\u00f5es art\u00edsticas ao vivo<\/strong><\/p>\n<\/li>\n<li data-start=\"2154\" data-end=\"2193\">\n<p data-start=\"2156\" data-end=\"2193\">\ud83e\uddd2 <strong data-start=\"2159\" data-end=\"2193\">+200 artistas locais inscritos<\/strong><\/p>\n<\/li>\n<li data-start=\"2194\" data-end=\"2238\">\n<p data-start=\"2196\" data-end=\"2238\">\ud83d\udc68\u200d\ud83d\udc69\u200d\ud83d\udc67 <strong data-start=\"2205\" data-end=\"2238\">P\u00fablico estimado: 800 pessoas<\/strong><\/p>\n<\/li>\n<li data-start=\"2239\" data-end=\"2290\">\n<p data-start=\"2241\" data-end=\"2290\">\ud83d\udcf8 <strong data-start=\"2244\" data-end=\"2290\">Cobertura com fotos e v\u00eddeos profissionais<\/strong><\/p>\n<\/li>\n<li data-start=\"2291\" data-end=\"2346\">\n<p data-start=\"2293\" data-end=\"2346\">\ud83c\udfc6 <strong data-start=\"2296\" data-end=\"2346\">Premia\u00e7\u00e3o simb\u00f3lica para os destaques da noite<\/strong><\/p>\n<\/li>\n<li data-start=\"2347\" data-end=\"2407\">\n<p data-start=\"2349\" data-end=\"2407\">\ud83d\udcac <strong data-start=\"2352\" data-end=\"2407\">Espa\u00e7o de fala para artistas sobre suas trajet\u00f3rias<\/strong><\/p>\n<\/li>\n<\/ul>\n<p data-start=\"2409\" data-end=\"2544\">Al\u00e9m disso, os talentos revelados poder\u00e3o ser convidados para participar de futuras oficinas, projetos de forma\u00e7\u00e3o e eventos parceiros.<\/p>\n<hr data-start=\"2546\" data-end=\"2549\" \/>\n<h3 data-start=\"2551\" data-end=\"2604\">\u201cEsse festival \u00e9 a chance que eu sempre esperei.\u201d<\/h3>\n<blockquote data-start=\"2606\" data-end=\"2840\">\n<p data-start=\"2608\" data-end=\"2840\"><em data-start=\"2608\" data-end=\"2789\">\u201cNunca tive onde mostrar minhas poesias. Quando vi o an\u00fancio do festival, me emocionei. Finalmente vou ter um palco e uma plateia. Esse festival \u00e9 a chance que eu sempre esperei.\u201d<\/em><br data-start=\"2789\" data-end=\"2792\" \/>\u2014 <strong data-start=\"2794\" data-end=\"2840\">Andressa Silva, 19 anos, poeta e estudante<\/strong><\/p>\n<\/blockquote>\n<hr data-start=\"2842\" data-end=\"2845\" \/>\n<h2 data-start=\"2847\" data-end=\"2909\">Inscreva-se ou venha prestigiar os talentos da nossa terra!<\/h2>\n<p data-start=\"2911\" data-end=\"3118\">\ud83d\udc49 Se voc\u00ea tem um talento e quer brilhar no palco, <strong data-start=\"2962\" data-end=\"2983\">inscreva-se agora<\/strong> no site do Instituto.<br data-start=\"3005\" data-end=\"3008\" \/>\ud83d\udc49 Se voc\u00ea quer viver uma noite de emo\u00e7\u00e3o, cultura e cidadania, <strong data-start=\"3072\" data-end=\"3117\">venha prestigiar o evento com sua fam\u00edlia<\/strong>!<\/p>\n<p data-start=\"3120\" data-end=\"3338\">\ud83d\udcc5 <strong data-start=\"3123\" data-end=\"3131\">Data<\/strong>: 29 de junho<br data-start=\"3144\" data-end=\"3147\" \/>\ud83d\udccd <strong data-start=\"3150\" data-end=\"3159\">Local<\/strong>: Centro Cultural Neves<br data-start=\"3182\" data-end=\"3185\" \/>\ud83c\udfab <strong data-start=\"3188\" data-end=\"3208\">Entrada gratuita<\/strong><br data-start=\"3208\" data-end=\"3211\" \/>\ud83c\udfaf <strong data-start=\"3214\" data-end=\"3266\"><a class=\"\" href=\"#\" rel=\"noopener\" data-start=\"3216\" data-end=\"3264\">Clique aqui para se inscrever ou saber mais<\/a><\/strong><br data-start=\"3266\" data-end=\"3269\" \/>\ud83d\udcf2 <strong data-start=\"3272\" data-end=\"3338\">Acompanhe tamb\u00e9m @institutojonathanrigueira nas redes sociais.<\/strong><\/p>\n","protected":false},"excerpt":{"rendered":"<p>Festival Talentos da Comunidade: participe com m\u00fasica, dan\u00e7a e poesia! \u201cTodo talento merece palco \u2014 e toda voz merece ser ouvida.\u201d O que \u00e9 o Festival Talentos da Comunidade? O Festival Talentos da Comunidade \u00e9 uma celebra\u00e7\u00e3o da arte, da cultura e da identidade dos moradores de Ribeir\u00e3o das Neves e regi\u00e3o. Promovido pelo Instituto [&hellip;]<\/p>\n","protected":false},"author":1,"featured_media":0,"comment_status":"open","ping_status":"open","sticky":false,"template":"","format":"standard","meta":{"footnotes":""},"categories":[66],"tags":[],"class_list":["post-1912","post","type-post","status-publish","format-standard","hentry","category-agenda-e-eventos"],"views":1,"_links":{"self":[{"href":"https:\/\/institutojr.ong.br\/index.php\/wp-json\/wp\/v2\/posts\/1912","targetHints":{"allow":["GET"]}}],"collection":[{"href":"https:\/\/institutojr.ong.br\/index.php\/wp-json\/wp\/v2\/posts"}],"about":[{"href":"https:\/\/institutojr.ong.br\/index.php\/wp-json\/wp\/v2\/types\/post"}],"author":[{"embeddable":true,"href":"https:\/\/institutojr.ong.br\/index.php\/wp-json\/wp\/v2\/users\/1"}],"replies":[{"embeddable":true,"href":"https:\/\/institutojr.ong.br\/index.php\/wp-json\/wp\/v2\/comments?post=1912"}],"version-history":[{"count":1,"href":"https:\/\/institutojr.ong.br\/index.php\/wp-json\/wp\/v2\/posts\/1912\/revisions"}],"predecessor-version":[{"id":1914,"href":"https:\/\/institutojr.ong.br\/index.php\/wp-json\/wp\/v2\/posts\/1912\/revisions\/1914"}],"wp:attachment":[{"href":"https:\/\/institutojr.ong.br\/index.php\/wp-json\/wp\/v2\/media?parent=1912"}],"wp:term":[{"taxonomy":"category","embeddable":true,"href":"https:\/\/institutojr.ong.br\/index.php\/wp-json\/wp\/v2\/categories?post=1912"},{"taxonomy":"post_tag","embeddable":true,"href":"https:\/\/institutojr.ong.br\/index.php\/wp-json\/wp\/v2\/tags?post=1912"}],"curies":[{"name":"wp","href":"https:\/\/api.w.org\/{rel}","templated":true}]}}