{"id":1909,"date":"2025-05-31T16:37:26","date_gmt":"2025-05-31T19:37:26","guid":{"rendered":"https:\/\/institutojr.ong.br\/?p=1909"},"modified":"2025-05-31T20:10:48","modified_gmt":"2025-05-31T23:10:48","slug":"proximos-eventos-sociais-e-educacionais-em-ribeirao-das-neves-junho-julho","status":"publish","type":"post","link":"https:\/\/institutojr.ong.br\/index.php\/2025\/05\/31\/proximos-eventos-sociais-e-educacionais-em-ribeirao-das-neves-junho-julho\/","title":{"rendered":"Pr\u00f3ximos Eventos Sociais e Educacionais em Ribeir\u00e3o das Neves \u2013 Junho\/Julho"},"content":{"rendered":"<h1 data-start=\"192\" data-end=\"272\">Pr\u00f3ximos Eventos Sociais e Educacionais em Ribeir\u00e3o das Neves \u2013 Junho\/Julho<\/h1>\n<p data-start=\"274\" data-end=\"372\"><strong data-start=\"274\" data-end=\"372\">\u201cA transforma\u00e7\u00e3o come\u00e7a com participa\u00e7\u00e3o. Veja como fazer parte do que muda vidas de verdade.\u201d<\/strong><\/p>\n<hr data-start=\"374\" data-end=\"377\" \/>\n<h2 data-start=\"379\" data-end=\"448\">O que esperar dos pr\u00f3ximos eventos do Instituto Jonathan Rigueira?<\/h2>\n<p data-start=\"450\" data-end=\"777\">Os meses de junho e julho ser\u00e3o marcados por <strong data-start=\"495\" data-end=\"558\">uma intensa agenda de a\u00e7\u00f5es sociais, educativas e culturais<\/strong> promovidas pelo Instituto Jonathan Rigueira em Ribeir\u00e3o das Neves. Com foco em gerar impacto real nas comunidades, os eventos visam fortalecer o acesso \u00e0 informa\u00e7\u00e3o, ao emprego, \u00e0 sa\u00fade, \u00e0 arte e ao bem-estar coletivo.<\/p>\n<p data-start=\"779\" data-end=\"1006\">De oficinas profissionalizantes a mutir\u00f5es de sa\u00fade e lazer para crian\u00e7as, a programa\u00e7\u00e3o foi pensada para atender p\u00fablicos de todas as idades \u2014 de jovens em busca de oportunidades a idosos que precisam de aten\u00e7\u00e3o e acolhimento.<\/p>\n<p data-start=\"1008\" data-end=\"1204\">Mais do que eventos pontuais, essas a\u00e7\u00f5es fazem parte de uma miss\u00e3o maior: <strong data-start=\"1083\" data-end=\"1137\">criar pontes entre quem precisa e quem pode ajudar<\/strong>, valorizando o poder da comunidade, da uni\u00e3o e da cidadania ativa.<\/p>\n<hr data-start=\"1206\" data-end=\"1209\" \/>\n<h2 data-start=\"1211\" data-end=\"1267\">Programa\u00e7\u00e3o completa dos eventos \u2013 Junho e Julho 2025<\/h2>\n<p data-start=\"1269\" data-end=\"1314\">Confira as principais atividades confirmadas:<\/p>\n<ul data-start=\"1316\" data-end=\"2131\">\n<li data-start=\"1316\" data-end=\"1465\">\n<p data-start=\"1318\" data-end=\"1465\">\ud83e\uddd1\u200d\ud83c\udfeb <strong data-start=\"1324\" data-end=\"1364\">Curso R\u00e1pido: Atendimento ao Cliente<\/strong><br data-start=\"1364\" data-end=\"1367\" \/><em data-start=\"1369\" data-end=\"1376\">Data:<\/em> 10 a 12 de junho | <em data-start=\"1396\" data-end=\"1404\">Local:<\/em> Espa\u00e7o Comunit\u00e1rio Veneza<br data-start=\"1430\" data-end=\"1433\" \/><em data-start=\"1435\" data-end=\"1465\">Inscri\u00e7\u00f5es gratuitas no site<\/em><\/p>\n<\/li>\n<li data-start=\"1467\" data-end=\"1650\">\n<p data-start=\"1469\" data-end=\"1650\">\ud83e\ude7a <strong data-start=\"1472\" data-end=\"1509\">Mutir\u00e3o de Sa\u00fade \u201cCuidar \u00e9 Viver\u201d<\/strong><br data-start=\"1509\" data-end=\"1512\" \/><em data-start=\"1514\" data-end=\"1521\">Data:<\/em> 15 de junho | <em data-start=\"1536\" data-end=\"1544\">Local:<\/em> Pra\u00e7a Central de Areias<br data-start=\"1568\" data-end=\"1571\" \/>Aferi\u00e7\u00e3o de press\u00e3o, testes r\u00e1pidos, orienta\u00e7\u00e3o com nutricionista e psic\u00f3logo<\/p>\n<\/li>\n<li data-start=\"1652\" data-end=\"1804\">\n<p data-start=\"1654\" data-end=\"1804\">\ud83c\udfad <strong data-start=\"1657\" data-end=\"1695\">Festival de Talentos da Comunidade<\/strong><br data-start=\"1695\" data-end=\"1698\" \/><em data-start=\"1700\" data-end=\"1707\">Data:<\/em> 29 de junho | <em data-start=\"1722\" data-end=\"1730\">Local:<\/em> Centro Cultural Neves<br data-start=\"1752\" data-end=\"1755\" \/>Apresenta\u00e7\u00f5es de dan\u00e7a, m\u00fasica, teatro e poesia<\/p>\n<\/li>\n<li data-start=\"1806\" data-end=\"1957\">\n<p data-start=\"1808\" data-end=\"1957\">\ud83d\udcda <strong data-start=\"1811\" data-end=\"1858\">Oficina: Montando um Curr\u00edculo Profissional<\/strong><br data-start=\"1858\" data-end=\"1861\" \/><em data-start=\"1863\" data-end=\"1870\">Data:<\/em> 6 de julho | <em data-start=\"1884\" data-end=\"1892\">Local:<\/em> Sede do Instituto<br data-start=\"1910\" data-end=\"1913\" \/>Acompanhamento individual com orientadores<\/p>\n<\/li>\n<li data-start=\"1959\" data-end=\"2131\">\n<p data-start=\"1961\" data-end=\"2131\">\ud83c\udf89 <strong data-start=\"1964\" data-end=\"1997\">Arrai\u00e1 Solid\u00e1rio do Instituto<\/strong><br data-start=\"1997\" data-end=\"2000\" \/><em data-start=\"2002\" data-end=\"2009\">Data:<\/em> 13 de julho | <em data-start=\"2024\" data-end=\"2032\">Local:<\/em> Quadra do Jardim Colonial<br data-start=\"2058\" data-end=\"2061\" \/>Barracas t\u00edpicas, apresenta\u00e7\u00f5es culturais e arrecada\u00e7\u00e3o de alimentos<\/p>\n<\/li>\n<\/ul>\n<hr data-start=\"2133\" data-end=\"2136\" \/>\n<h3 data-start=\"2138\" data-end=\"2195\">\u201cFoi no curso gratuito que descobri minha profiss\u00e3o.\u201d<\/h3>\n<blockquote data-start=\"2197\" data-end=\"2515\">\n<p data-start=\"2199\" data-end=\"2515\"><em data-start=\"2199\" data-end=\"2447\">\u201cParticipei de uma oficina do Instituto no ano passado e foi ali que percebi minha voca\u00e7\u00e3o para vendas. Com apoio da equipe, fiz meu primeiro curr\u00edculo e fui contratado. Hoje vou nos eventos para ajudar outras pessoas a acreditarem nelas tamb\u00e9m.\u201d<\/em><br data-start=\"2447\" data-end=\"2450\" \/>\u2014 <strong data-start=\"2452\" data-end=\"2515\">Gabriel Oliveira, 21 anos, ex-aluno do curso de Atendimento<\/strong><\/p>\n<\/blockquote>\n<hr data-start=\"2517\" data-end=\"2520\" \/>\n<h2 data-start=\"2522\" data-end=\"2556\">Como participar e se inscrever?<\/h2>\n<p data-start=\"2558\" data-end=\"2785\">As atividades s\u00e3o <strong data-start=\"2576\" data-end=\"2589\">gratuitas<\/strong> e abertas \u00e0 popula\u00e7\u00e3o, com n\u00famero limitado de vagas para cursos e oficinas. As inscri\u00e7\u00f5es devem ser feitas pelo site oficial do Instituto ou presencialmente nos dias de evento, conforme indicado.<\/p>\n<p data-start=\"2787\" data-end=\"2820\">Voc\u00ea pode participar de 3 formas:<\/p>\n<ul data-start=\"2822\" data-end=\"2955\">\n<li data-start=\"2822\" data-end=\"2863\">\n<p data-start=\"2824\" data-end=\"2863\">\u270d\ufe0f <strong data-start=\"2827\" data-end=\"2863\">Inscrevendo-se como participante<\/strong><\/p>\n<\/li>\n<li data-start=\"2864\" data-end=\"2896\">\n<p data-start=\"2866\" data-end=\"2896\">\ud83e\udd1d <strong data-start=\"2869\" data-end=\"2896\">Atuando como volunt\u00e1rio<\/strong><\/p>\n<\/li>\n<li data-start=\"2897\" data-end=\"2955\">\n<p data-start=\"2899\" data-end=\"2955\">\u2764\ufe0f <strong data-start=\"2902\" data-end=\"2955\">Apoiando com doa\u00e7\u00f5es ou materiais para os eventos<\/strong><\/p>\n<\/li>\n<\/ul>\n<p data-start=\"2957\" data-end=\"3111\"><strong data-start=\"2957\" data-end=\"3022\">\u27a1\ufe0f <a class=\"\" href=\"#\" rel=\"noopener\" data-start=\"2962\" data-end=\"3020\">Clique aqui para ver todos os detalhes e se inscrever<\/a><\/strong><br data-start=\"3022\" data-end=\"3025\" \/><strong data-start=\"3025\" data-end=\"3111\">Acompanhe tamb\u00e9m o Instagram @institutojonathanrigueira para atualiza\u00e7\u00f5es di\u00e1rias.<\/strong><\/p>\n","protected":false},"excerpt":{"rendered":"<p>Pr\u00f3ximos Eventos Sociais e Educacionais em Ribeir\u00e3o das Neves \u2013 Junho\/Julho \u201cA transforma\u00e7\u00e3o come\u00e7a com participa\u00e7\u00e3o. Veja como fazer parte do que muda vidas de verdade.\u201d O que esperar dos pr\u00f3ximos eventos do Instituto Jonathan Rigueira? Os meses de junho e julho ser\u00e3o marcados por uma intensa agenda de a\u00e7\u00f5es sociais, educativas e culturais promovidas [&hellip;]<\/p>\n","protected":false},"author":1,"featured_media":0,"comment_status":"open","ping_status":"open","sticky":false,"template":"","format":"standard","meta":{"footnotes":""},"categories":[66],"tags":[],"class_list":["post-1909","post","type-post","status-publish","format-standard","hentry","category-agenda-e-eventos"],"views":2,"_links":{"self":[{"href":"https:\/\/institutojr.ong.br\/index.php\/wp-json\/wp\/v2\/posts\/1909","targetHints":{"allow":["GET"]}}],"collection":[{"href":"https:\/\/institutojr.ong.br\/index.php\/wp-json\/wp\/v2\/posts"}],"about":[{"href":"https:\/\/institutojr.ong.br\/index.php\/wp-json\/wp\/v2\/types\/post"}],"author":[{"embeddable":true,"href":"https:\/\/institutojr.ong.br\/index.php\/wp-json\/wp\/v2\/users\/1"}],"replies":[{"embeddable":true,"href":"https:\/\/institutojr.ong.br\/index.php\/wp-json\/wp\/v2\/comments?post=1909"}],"version-history":[{"count":2,"href":"https:\/\/institutojr.ong.br\/index.php\/wp-json\/wp\/v2\/posts\/1909\/revisions"}],"predecessor-version":[{"id":2054,"href":"https:\/\/institutojr.ong.br\/index.php\/wp-json\/wp\/v2\/posts\/1909\/revisions\/2054"}],"wp:attachment":[{"href":"https:\/\/institutojr.ong.br\/index.php\/wp-json\/wp\/v2\/media?parent=1909"}],"wp:term":[{"taxonomy":"category","embeddable":true,"href":"https:\/\/institutojr.ong.br\/index.php\/wp-json\/wp\/v2\/categories?post=1909"},{"taxonomy":"post_tag","embeddable":true,"href":"https:\/\/institutojr.ong.br\/index.php\/wp-json\/wp\/v2\/tags?post=1909"}],"curies":[{"name":"wp","href":"https:\/\/api.w.org\/{rel}","templated":true}]}}