{"id":1903,"date":"2025-05-31T16:32:11","date_gmt":"2025-05-31T19:32:11","guid":{"rendered":"https:\/\/institutojr.ong.br\/?p=1903"},"modified":"2025-05-31T19:47:25","modified_gmt":"2025-05-31T22:47:25","slug":"dicas-de-saude-preventiva-como-cuidar-da-sua-saude-mesmo-com-poucos-recursos","status":"publish","type":"post","link":"https:\/\/institutojr.ong.br\/index.php\/2025\/05\/31\/dicas-de-saude-preventiva-como-cuidar-da-sua-saude-mesmo-com-poucos-recursos\/","title":{"rendered":"Dicas de Sa\u00fade Preventiva: como cuidar da sua sa\u00fade mesmo com poucos recursos"},"content":{"rendered":"<h1 data-start=\"179\" data-end=\"261\">Dicas de Sa\u00fade Preventiva: como cuidar da sua sa\u00fade mesmo com poucos recursos<\/h1>\n<p data-start=\"263\" data-end=\"358\"><strong data-start=\"263\" data-end=\"358\">\u201cPrevenir \u00e9 um gesto de autocuidado acess\u00edvel a todos, mesmo nas realidades mais dif\u00edceis.\u201d<\/strong><\/p>\n<hr data-start=\"360\" data-end=\"363\" \/>\n<h2 data-start=\"365\" data-end=\"407\">Por que a sa\u00fade preventiva \u00e9 essencial?<\/h2>\n<p data-start=\"409\" data-end=\"846\">A sa\u00fade preventiva \u00e9 uma das formas mais eficazes de garantir qualidade de vida, longevidade e redu\u00e7\u00e3o de doen\u00e7as \u2014 especialmente em comunidades com menor acesso \u00e0 sa\u00fade p\u00fablica. No dia a dia corrido e diante das dificuldades econ\u00f4micas, muitos negligenciam sinais do corpo ou acreditam que cuidar da sa\u00fade exige grandes investimentos. Mas a verdade \u00e9 que <strong data-start=\"765\" data-end=\"812\">h\u00e1 cuidados simples, acess\u00edveis e poderosos<\/strong> que podem fazer toda a diferen\u00e7a.<\/p>\n<p data-start=\"848\" data-end=\"1139\">Pensando nisso, o Instituto Jonathan Rigueira tem promovido <strong data-start=\"908\" data-end=\"958\">a\u00e7\u00f5es educativas, mutir\u00f5es e rodas de conversa<\/strong> com foco em sa\u00fade preventiva, incentivando pr\u00e1ticas saud\u00e1veis mesmo em contextos de vulnerabilidade. Acreditamos que a <strong data-start=\"1078\" data-end=\"1098\">informa\u00e7\u00e3o certa<\/strong> pode salvar vidas e fortalecer fam\u00edlias.<\/p>\n<hr data-start=\"1141\" data-end=\"1144\" \/>\n<h2 data-start=\"1146\" data-end=\"1199\">Dicas pr\u00e1ticas de sa\u00fade preventiva com baixo custo<\/h2>\n<p data-start=\"1201\" data-end=\"1385\">Com pequenas atitudes e mudan\u00e7as de h\u00e1bitos, \u00e9 poss\u00edvel cuidar melhor do corpo, da mente e do bem-estar geral. Veja algumas orienta\u00e7\u00f5es que compartilhamos em nossas a\u00e7\u00f5es comunit\u00e1rias:<\/p>\n<ol data-start=\"1387\" data-end=\"2284\">\n<li data-start=\"1387\" data-end=\"1517\">\n<p data-start=\"1390\" data-end=\"1517\">\ud83e\udd57 <strong data-start=\"1393\" data-end=\"1426\">Alimenta\u00e7\u00e3o b\u00e1sica e saud\u00e1vel<\/strong>: invista em arroz, feij\u00e3o, legumes e frutas da esta\u00e7\u00e3o \u2014 acess\u00edveis e ricos em nutrientes.<\/p>\n<\/li>\n<li data-start=\"1518\" data-end=\"1649\">\n<p data-start=\"1521\" data-end=\"1649\">\ud83d\udeb6\u200d\u2642\ufe0f <strong data-start=\"1527\" data-end=\"1555\">Movimente-se diariamente<\/strong>: caminhadas de 20 a 30 minutos por dia j\u00e1 ajudam no controle da press\u00e3o, glicemia e estresse.<\/p>\n<\/li>\n<li data-start=\"1650\" data-end=\"1757\">\n<p data-start=\"1653\" data-end=\"1757\">\ud83d\udca7 <strong data-start=\"1656\" data-end=\"1678\">Beba bastante \u00e1gua<\/strong>: manter-se hidratado fortalece o sistema imunol\u00f3gico e evita problemas renais.<\/p>\n<\/li>\n<li data-start=\"1758\" data-end=\"1839\">\n<p data-start=\"1761\" data-end=\"1839\">\ud83d\ude34 <strong data-start=\"1764\" data-end=\"1777\">Durma bem<\/strong>: um sono de qualidade regula horm\u00f4nios e melhora a imunidade.<\/p>\n<\/li>\n<li data-start=\"1840\" data-end=\"1985\">\n<p data-start=\"1843\" data-end=\"1985\">\ud83e\uddfc <strong data-start=\"1846\" data-end=\"1869\">Higiene e preven\u00e7\u00e3o<\/strong>: lavar as m\u00e3os, manter a casa arejada e usar m\u00e1scaras em locais fechados s\u00e3o atitudes simples que previnem doen\u00e7as.<\/p>\n<\/li>\n<li data-start=\"1986\" data-end=\"2132\">\n<p data-start=\"1989\" data-end=\"2132\">\ud83e\udde0 <strong data-start=\"1992\" data-end=\"2017\">Cuide da sa\u00fade mental<\/strong>: conversar com algu\u00e9m de confian\u00e7a, escrever sobre seus sentimentos e respirar fundo ajudam a aliviar a ansiedade.<\/p>\n<\/li>\n<li data-start=\"2133\" data-end=\"2284\">\n<p data-start=\"2136\" data-end=\"2284\">\ud83e\ude7a <strong data-start=\"2139\" data-end=\"2175\">Fique atento aos sinais do corpo<\/strong>: dor persistente, cansa\u00e7o excessivo ou mudan\u00e7as repentinas merecem aten\u00e7\u00e3o e, se poss\u00edvel, avalia\u00e7\u00e3o m\u00e9dica.<\/p>\n<\/li>\n<\/ol>\n<p data-start=\"2286\" data-end=\"2427\">Essas pr\u00e1ticas fazem parte dos materiais distribu\u00eddos pelo Instituto durante nossos projetos de sa\u00fade comunit\u00e1ria, como o <strong data-start=\"2408\" data-end=\"2426\">Sa\u00fade na Pra\u00e7a<\/strong>.<\/p>\n<hr data-start=\"2429\" data-end=\"2432\" \/>\n<h3 data-start=\"2434\" data-end=\"2496\">\u201cAprendi a cuidar da minha sa\u00fade com o que tenho em casa.\u201d<\/h3>\n<blockquote data-start=\"2498\" data-end=\"2752\">\n<p data-start=\"2500\" data-end=\"2752\"><em data-start=\"2500\" data-end=\"2699\">\u201cAchei que precisava de muito dinheiro pra me cuidar. Mas numa roda de conversa do Instituto, aprendi tanta coisa simples&#8230; Hoje bebo mais \u00e1gua, fa\u00e7o caminhada e at\u00e9 minha dor de cabe\u00e7a melhorou!\u201d<\/em><br data-start=\"2699\" data-end=\"2702\" \/>\u2014 <strong data-start=\"2704\" data-end=\"2752\">Sebasti\u00e3o, 47 anos, morador do bairro Veneza<\/strong><\/p>\n<\/blockquote>\n<hr data-start=\"2754\" data-end=\"2757\" \/>\n<h2 data-start=\"2759\" data-end=\"2803\">Participe das a\u00e7\u00f5es de sa\u00fade do Instituto<\/h2>\n<p data-start=\"2805\" data-end=\"2870\">Voc\u00ea pode ajudar a levar educa\u00e7\u00e3o e preven\u00e7\u00e3o para mais fam\u00edlias!<\/p>\n<ul data-start=\"2872\" data-end=\"3038\">\n<li data-start=\"2872\" data-end=\"2916\">\n<p data-start=\"2874\" data-end=\"2916\">\ud83c\udf93 Compartilhe este post com quem precisa!<\/p>\n<\/li>\n<li data-start=\"2917\" data-end=\"2977\">\n<p data-start=\"2919\" data-end=\"2977\">\ud83d\udc8a Doe kits de higiene e sa\u00fade para nossas pr\u00f3ximas a\u00e7\u00f5es.<\/p>\n<\/li>\n<li data-start=\"2978\" data-end=\"3038\">\n<p data-start=\"2980\" data-end=\"3038\">\u2764\ufe0f Torne-se um volunt\u00e1rio ou apoiador dos nossos mutir\u00f5es.<\/p>\n<\/li>\n<\/ul>\n<p data-start=\"3040\" data-end=\"3189\"><strong data-start=\"3040\" data-end=\"3108\">\u27a1\ufe0f <a class=\"\" href=\"#\" rel=\"noopener\" data-start=\"3045\" data-end=\"3106\">Clique aqui para saber como doar, participar ou divulgar<\/a><\/strong><br data-start=\"3108\" data-end=\"3111\" \/><strong data-start=\"3111\" data-end=\"3149\">Siga o Instituto nas redes sociais<\/strong> para mais conte\u00fados e pr\u00f3ximos eventos.<\/p>\n","protected":false},"excerpt":{"rendered":"<p>Dicas de Sa\u00fade Preventiva: como cuidar da sua sa\u00fade mesmo com poucos recursos \u201cPrevenir \u00e9 um gesto de autocuidado acess\u00edvel a todos, mesmo nas realidades mais dif\u00edceis.\u201d Por que a sa\u00fade preventiva \u00e9 essencial? A sa\u00fade preventiva \u00e9 uma das formas mais eficazes de garantir qualidade de vida, longevidade e redu\u00e7\u00e3o de doen\u00e7as \u2014 especialmente [&hellip;]<\/p>\n","protected":false},"author":1,"featured_media":0,"comment_status":"open","ping_status":"open","sticky":false,"template":"","format":"standard","meta":{"footnotes":""},"categories":[59],"tags":[],"class_list":["post-1903","post","type-post","status-publish","format-standard","hentry","category-acao-social-e-saude"],"views":2,"_links":{"self":[{"href":"https:\/\/institutojr.ong.br\/index.php\/wp-json\/wp\/v2\/posts\/1903","targetHints":{"allow":["GET"]}}],"collection":[{"href":"https:\/\/institutojr.ong.br\/index.php\/wp-json\/wp\/v2\/posts"}],"about":[{"href":"https:\/\/institutojr.ong.br\/index.php\/wp-json\/wp\/v2\/types\/post"}],"author":[{"embeddable":true,"href":"https:\/\/institutojr.ong.br\/index.php\/wp-json\/wp\/v2\/users\/1"}],"replies":[{"embeddable":true,"href":"https:\/\/institutojr.ong.br\/index.php\/wp-json\/wp\/v2\/comments?post=1903"}],"version-history":[{"count":1,"href":"https:\/\/institutojr.ong.br\/index.php\/wp-json\/wp\/v2\/posts\/1903\/revisions"}],"predecessor-version":[{"id":1905,"href":"https:\/\/institutojr.ong.br\/index.php\/wp-json\/wp\/v2\/posts\/1903\/revisions\/1905"}],"wp:attachment":[{"href":"https:\/\/institutojr.ong.br\/index.php\/wp-json\/wp\/v2\/media?parent=1903"}],"wp:term":[{"taxonomy":"category","embeddable":true,"href":"https:\/\/institutojr.ong.br\/index.php\/wp-json\/wp\/v2\/categories?post=1903"},{"taxonomy":"post_tag","embeddable":true,"href":"https:\/\/institutojr.ong.br\/index.php\/wp-json\/wp\/v2\/tags?post=1903"}],"curies":[{"name":"wp","href":"https:\/\/api.w.org\/{rel}","templated":true}]}}