{"id":1900,"date":"2025-05-31T16:30:32","date_gmt":"2025-05-31T19:30:32","guid":{"rendered":"https:\/\/institutojr.ong.br\/?p=1900"},"modified":"2025-05-31T19:33:33","modified_gmt":"2025-05-31T22:33:33","slug":"saude-na-praca-mutirao-com-atendimento-medico-gratuito-veja-como-foi-e-quem-impactou","status":"publish","type":"post","link":"https:\/\/institutojr.ong.br\/index.php\/2025\/05\/31\/saude-na-praca-mutirao-com-atendimento-medico-gratuito-veja-como-foi-e-quem-impactou\/","title":{"rendered":"Sa\u00fade na Pra\u00e7a: mutir\u00e3o com atendimento m\u00e9dico gratuito \u2014 veja como foi e quem impactou"},"content":{"rendered":"<h1 data-start=\"205\" data-end=\"300\">Sa\u00fade na Pra\u00e7a: mutir\u00e3o com atendimento m\u00e9dico gratuito \u2014 veja como foi e quem impactou<\/h1>\n<p data-start=\"302\" data-end=\"353\"><strong data-start=\"302\" data-end=\"353\">\u201cCuidar da sa\u00fade tamb\u00e9m \u00e9 cuidar da dignidade.\u201d<\/strong><\/p>\n<hr data-start=\"355\" data-end=\"358\" \/>\n<h2 data-start=\"360\" data-end=\"390\">O que foi o Sa\u00fade na Pra\u00e7a?<\/h2>\n<p data-start=\"392\" data-end=\"647\">O Instituto Jonathan Rigueira realizou mais uma importante a\u00e7\u00e3o de impacto social: o <strong data-start=\"477\" data-end=\"495\">Sa\u00fade na Pra\u00e7a<\/strong>, um mutir\u00e3o de atendimento m\u00e9dico gratuito promovido em parceria com profissionais volunt\u00e1rios da sa\u00fade, empresas apoiadoras e lideran\u00e7as comunit\u00e1rias.<\/p>\n<p data-start=\"649\" data-end=\"1035\">A a\u00e7\u00e3o ocorreu na Pra\u00e7a Central de Ribeir\u00e3o das Neves e ofereceu <strong data-start=\"714\" data-end=\"832\">atendimentos cl\u00ednicos, aferi\u00e7\u00e3o de press\u00e3o, testes r\u00e1pidos, orienta\u00e7\u00f5es nutricionais e cuidados com a sa\u00fade mental<\/strong>, totalmente gratuitos para a popula\u00e7\u00e3o. Em um momento em que muitas pessoas n\u00e3o conseguem acessar sequer o b\u00e1sico na rede p\u00fablica, o mutir\u00e3o levou esperan\u00e7a, cuidado e escuta para centenas de moradores.<\/p>\n<p data-start=\"1037\" data-end=\"1259\">O clima foi de acolhimento, respeito e gratid\u00e3o. Volunt\u00e1rios atendiam com sorriso no rosto, fam\u00edlias inteiras chegavam em busca de atendimento e informa\u00e7\u00e3o, e a pra\u00e7a se transformou em um grande centro de promo\u00e7\u00e3o da vida.<\/p>\n<hr data-start=\"1261\" data-end=\"1264\" \/>\n<h2 data-start=\"1266\" data-end=\"1305\">Resultados do mutir\u00e3o Sa\u00fade na Pra\u00e7a<\/h2>\n<p data-start=\"1307\" data-end=\"1458\">O impacto foi imediato e transformador. Com estrutura montada em tendas e barracas, a a\u00e7\u00e3o alcan\u00e7ou n\u00fameros expressivos e gerou depoimentos comoventes.<\/p>\n<ul data-start=\"1460\" data-end=\"1850\">\n<li data-start=\"1460\" data-end=\"1504\">\n<p data-start=\"1462\" data-end=\"1504\">\ud83e\ude7a <strong data-start=\"1465\" data-end=\"1504\">370 atendimentos m\u00e9dicos realizados<\/strong><\/p>\n<\/li>\n<li data-start=\"1505\" data-end=\"1563\">\n<p data-start=\"1507\" data-end=\"1563\">\u2764\ufe0f <strong data-start=\"1510\" data-end=\"1563\">80 consultas de enfermagem e aferi\u00e7\u00f5es de press\u00e3o<\/strong><\/p>\n<\/li>\n<li data-start=\"1564\" data-end=\"1617\">\n<p data-start=\"1566\" data-end=\"1617\">\ud83e\uddea <strong data-start=\"1569\" data-end=\"1617\">120 testes r\u00e1pidos (glicemia, HIV, hepatite)<\/strong><\/p>\n<\/li>\n<li data-start=\"1618\" data-end=\"1683\">\n<p data-start=\"1620\" data-end=\"1683\">\ud83e\udde0 <strong data-start=\"1623\" data-end=\"1683\">Sess\u00f5es de escuta terap\u00eautica com psic\u00f3logos volunt\u00e1rios<\/strong><\/p>\n<\/li>\n<li data-start=\"1684\" data-end=\"1732\">\n<p data-start=\"1686\" data-end=\"1732\">\ud83c\udf4e <strong data-start=\"1689\" data-end=\"1732\">60 orienta\u00e7\u00f5es nutricionais individuais<\/strong><\/p>\n<\/li>\n<li data-start=\"1733\" data-end=\"1785\">\n<p data-start=\"1735\" data-end=\"1785\">\ud83e\uddf4 <strong data-start=\"1738\" data-end=\"1785\">Distribui\u00e7\u00e3o de 300 kits de higiene pessoal<\/strong><\/p>\n<\/li>\n<li data-start=\"1786\" data-end=\"1850\">\n<p data-start=\"1788\" data-end=\"1850\">\ud83e\udd1d <strong data-start=\"1791\" data-end=\"1850\">Participa\u00e7\u00e3o de 40 profissionais da sa\u00fade e volunt\u00e1rios<\/strong><\/p>\n<\/li>\n<\/ul>\n<p data-start=\"1852\" data-end=\"2009\">Al\u00e9m disso, a equipe do Instituto encaminhou pacientes para acompanhamento em UBSs locais e distribuiu folders educativos sobre doen\u00e7as cr\u00f4nicas e preven\u00e7\u00e3o.<\/p>\n<hr data-start=\"2011\" data-end=\"2014\" \/>\n<h3 data-start=\"2016\" data-end=\"2089\">\u201cAqui eu fui tratada com respeito e carinho, coisa rara hoje em dia.\u201d<\/h3>\n<blockquote data-start=\"2091\" data-end=\"2351\">\n<p data-start=\"2093\" data-end=\"2351\"><em data-start=\"2093\" data-end=\"2296\">\u201cFazia mais de um ano que eu n\u00e3o conseguia uma consulta. Aqui me ouviram com aten\u00e7\u00e3o, fizeram os exames e ainda me deram orienta\u00e7\u00e3o. Aqui eu fui tratada com respeito e carinho, coisa rara hoje em dia.\u201d<\/em><br data-start=\"2296\" data-end=\"2299\" \/>\u2014 <strong data-start=\"2301\" data-end=\"2351\">Dona Zilma, 54 anos, moradora do bairro Veneza<\/strong><\/p>\n<\/blockquote>\n<hr data-start=\"2353\" data-end=\"2356\" \/>\n<h2 data-start=\"2358\" data-end=\"2391\">Junte-se \u00e0 corrente de cuidado<\/h2>\n<p data-start=\"2393\" data-end=\"2571\">O <strong data-start=\"2395\" data-end=\"2413\">Sa\u00fade na Pra\u00e7a<\/strong> foi apenas o come\u00e7o de uma s\u00e9rie de mutir\u00f5es que o Instituto Jonathan Rigueira est\u00e1 organizando para levar dignidade e sa\u00fade \u00e0s comunidades mais vulner\u00e1veis.<\/p>\n<p data-start=\"2573\" data-end=\"2608\">Voc\u00ea pode fazer parte disso tamb\u00e9m:<\/p>\n<ul data-start=\"2610\" data-end=\"2768\">\n<li data-start=\"2610\" data-end=\"2656\">\n<p data-start=\"2612\" data-end=\"2656\">\ud83e\ude7a \u00c9 profissional da sa\u00fade? Seja volunt\u00e1rio!<\/p>\n<\/li>\n<li data-start=\"2657\" data-end=\"2707\">\n<p data-start=\"2659\" data-end=\"2707\">\ud83d\udc8a Tem farm\u00e1cia ou empresa? Doe kits ou insumos!<\/p>\n<\/li>\n<li data-start=\"2708\" data-end=\"2768\">\n<p data-start=\"2710\" data-end=\"2768\">\u2764\ufe0f Quer apoiar como cidad\u00e3o? Contribua com qualquer valor!<\/p>\n<\/li>\n<\/ul>\n<p data-start=\"2770\" data-end=\"2894\"><strong data-start=\"2770\" data-end=\"2827\">\u27a1\ufe0f <a class=\"\" href=\"#\" rel=\"noopener\" data-start=\"2775\" data-end=\"2825\">Clique aqui e saiba como participar ou apoiar<\/a><\/strong><br data-start=\"2827\" data-end=\"2830\" \/><strong data-start=\"2830\" data-end=\"2894\">Siga nosso Instagram e veja os bastidores de todas as a\u00e7\u00f5es.<\/strong><\/p>\n","protected":false},"excerpt":{"rendered":"<p>Sa\u00fade na Pra\u00e7a: mutir\u00e3o com atendimento m\u00e9dico gratuito \u2014 veja como foi e quem impactou \u201cCuidar da sa\u00fade tamb\u00e9m \u00e9 cuidar da dignidade.\u201d O que foi o Sa\u00fade na Pra\u00e7a? O Instituto Jonathan Rigueira realizou mais uma importante a\u00e7\u00e3o de impacto social: o Sa\u00fade na Pra\u00e7a, um mutir\u00e3o de atendimento m\u00e9dico gratuito promovido em parceria [&hellip;]<\/p>\n","protected":false},"author":1,"featured_media":0,"comment_status":"open","ping_status":"open","sticky":false,"template":"","format":"standard","meta":{"footnotes":""},"categories":[59],"tags":[],"class_list":["post-1900","post","type-post","status-publish","format-standard","hentry","category-acao-social-e-saude"],"views":2,"_links":{"self":[{"href":"https:\/\/institutojr.ong.br\/index.php\/wp-json\/wp\/v2\/posts\/1900","targetHints":{"allow":["GET"]}}],"collection":[{"href":"https:\/\/institutojr.ong.br\/index.php\/wp-json\/wp\/v2\/posts"}],"about":[{"href":"https:\/\/institutojr.ong.br\/index.php\/wp-json\/wp\/v2\/types\/post"}],"author":[{"embeddable":true,"href":"https:\/\/institutojr.ong.br\/index.php\/wp-json\/wp\/v2\/users\/1"}],"replies":[{"embeddable":true,"href":"https:\/\/institutojr.ong.br\/index.php\/wp-json\/wp\/v2\/comments?post=1900"}],"version-history":[{"count":1,"href":"https:\/\/institutojr.ong.br\/index.php\/wp-json\/wp\/v2\/posts\/1900\/revisions"}],"predecessor-version":[{"id":1902,"href":"https:\/\/institutojr.ong.br\/index.php\/wp-json\/wp\/v2\/posts\/1900\/revisions\/1902"}],"wp:attachment":[{"href":"https:\/\/institutojr.ong.br\/index.php\/wp-json\/wp\/v2\/media?parent=1900"}],"wp:term":[{"taxonomy":"category","embeddable":true,"href":"https:\/\/institutojr.ong.br\/index.php\/wp-json\/wp\/v2\/categories?post=1900"},{"taxonomy":"post_tag","embeddable":true,"href":"https:\/\/institutojr.ong.br\/index.php\/wp-json\/wp\/v2\/tags?post=1900"}],"curies":[{"name":"wp","href":"https:\/\/api.w.org\/{rel}","templated":true}]}}