{"id":1894,"date":"2025-05-31T16:27:48","date_gmt":"2025-05-31T19:27:48","guid":{"rendered":"https:\/\/institutojr.ong.br\/?p=1894"},"modified":"2025-05-31T19:22:21","modified_gmt":"2025-05-31T22:22:21","slug":"mutirao-da-esperanca-como-entregamos-mais-de-500-cestas-basicas-em-comunidades-vulneraveis","status":"publish","type":"post","link":"https:\/\/institutojr.ong.br\/index.php\/2025\/05\/31\/mutirao-da-esperanca-como-entregamos-mais-de-500-cestas-basicas-em-comunidades-vulneraveis\/","title":{"rendered":"Mutir\u00e3o da Esperan\u00e7a: como entregamos mais de 500 cestas b\u00e1sicas em comunidades vulner\u00e1veis"},"content":{"rendered":"<h1 data-start=\"1599\" data-end=\"1695\">Mutir\u00e3o da Esperan\u00e7a: como entregamos mais de 500 cestas b\u00e1sicas em comunidades vulner\u00e1veis<\/h1>\n<p data-start=\"1697\" data-end=\"1762\"><strong data-start=\"1697\" data-end=\"1762\">\u201cQuando a solidariedade se junta \u00e0 a\u00e7\u00e3o, ningu\u00e9m passa fome.\u201d<\/strong><\/p>\n<hr data-start=\"1764\" data-end=\"1767\" \/>\n<h2 data-start=\"1769\" data-end=\"1805\">O que foi o Mutir\u00e3o da Esperan\u00e7a?<\/h2>\n<p data-start=\"1807\" data-end=\"2045\">No m\u00eas de abril, o Instituto Jonathan Rigueira organizou o <strong data-start=\"1866\" data-end=\"1890\">Mutir\u00e3o da Esperan\u00e7a<\/strong>, uma grande mobiliza\u00e7\u00e3o social com objetivo de combater a fome em comunidades carentes de <strong data-start=\"1981\" data-end=\"2003\">Ribeir\u00e3o das Neves<\/strong> e regi\u00e3o metropolitana de Belo Horizonte.<\/p>\n<p data-start=\"2047\" data-end=\"2332\">A a\u00e7\u00e3o envolveu <strong data-start=\"2063\" data-end=\"2109\">volunt\u00e1rios, empresas parceiras e doadores<\/strong>, que se uniram para montar e distribuir <strong data-start=\"2150\" data-end=\"2180\">mais de 500 cestas b\u00e1sicas<\/strong>, al\u00e9m de kits de higiene e m\u00e1scaras de prote\u00e7\u00e3o. Foram atendidas mais de 10 comunidades, incluindo bairros como Justin\u00f3polis, Veneza e Jardim Colonial.<\/p>\n<p data-start=\"2334\" data-end=\"2440\">O mutir\u00e3o n\u00e3o foi apenas uma entrega de alimentos: foi uma demonstra\u00e7\u00e3o de empatia, cidadania e esperan\u00e7a.<\/p>\n<hr data-start=\"2442\" data-end=\"2445\" \/>\n<h2 data-start=\"2447\" data-end=\"2496\">Impacto em n\u00fameros: solidariedade que alimenta<\/h2>\n<ul data-start=\"2498\" data-end=\"2705\">\n<li data-start=\"2498\" data-end=\"2535\">\n<p data-start=\"2500\" data-end=\"2535\">\u2705 <strong data-start=\"2502\" data-end=\"2535\">+500 cestas b\u00e1sicas entregues<\/strong><\/p>\n<\/li>\n<li data-start=\"2536\" data-end=\"2593\">\n<p data-start=\"2538\" data-end=\"2593\">\ud83d\udc68\u200d\ud83d\udc69\u200d\ud83d\udc67\u200d\ud83d\udc66 <strong data-start=\"2550\" data-end=\"2593\">+1.800 pessoas beneficiadas diretamente<\/strong><\/p>\n<\/li>\n<li data-start=\"2594\" data-end=\"2635\">\n<p data-start=\"2596\" data-end=\"2635\">\ud83e\uddfc <strong data-start=\"2599\" data-end=\"2635\">300 kits de higiene distribu\u00eddos<\/strong><\/p>\n<\/li>\n<li data-start=\"2636\" data-end=\"2669\">\n<p data-start=\"2638\" data-end=\"2669\">\ud83d\ude9a <strong data-start=\"2641\" data-end=\"2669\">10 comunidades atendidas<\/strong><\/p>\n<\/li>\n<li data-start=\"2670\" data-end=\"2705\">\n<p data-start=\"2672\" data-end=\"2705\">\ud83d\udc50 <strong data-start=\"2675\" data-end=\"2705\">42 volunt\u00e1rios mobilizados<\/strong><\/p>\n<\/li>\n<\/ul>\n<p data-start=\"2707\" data-end=\"2830\">A a\u00e7\u00e3o contou com apoio log\u00edstico de pequenas empresas locais, al\u00e9m de doa\u00e7\u00f5es via Pix e parcerias com mercados e padarias.<\/p>\n<hr data-start=\"2832\" data-end=\"2835\" \/>\n<h3 data-start=\"2837\" data-end=\"2907\">\u201cEu chorei quando vi a cesta. A gente n\u00e3o tinha mais o que comer.\u201d<\/h3>\n<blockquote data-start=\"2909\" data-end=\"3170\">\n<p data-start=\"2911\" data-end=\"3170\"><em data-start=\"2911\" data-end=\"3113\">\u201cFazia dois dias que eu s\u00f3 tinha arroz e caf\u00e9 em casa. Quando vi a equipe do Instituto chegando, com sorriso no rosto e respeito pela nossa dor, eu chorei. Foi como se Deus estivesse olhando pra mim.\u201d<\/em><br data-start=\"3113\" data-end=\"3116\" \/>\u2014 <strong data-start=\"3118\" data-end=\"3170\">Dona Clarice, 62 anos, moradora do bairro Areias<\/strong><\/p>\n<\/blockquote>\n<hr data-start=\"3172\" data-end=\"3175\" \/>\n<h2 data-start=\"3177\" data-end=\"3206\">Participe da pr\u00f3xima a\u00e7\u00e3o!<\/h2>\n<p data-start=\"3208\" data-end=\"3296\">O Instituto j\u00e1 est\u00e1 organizando novas edi\u00e7\u00f5es do mutir\u00e3o, e voc\u00ea pode fazer parte disso:<\/p>\n<ul data-start=\"3298\" data-end=\"3504\">\n<li data-start=\"3298\" data-end=\"3357\">\n<p data-start=\"3300\" data-end=\"3357\">Doe alimentos, tempo ou recursos via nosso canal oficial.<\/p>\n<\/li>\n<li data-start=\"3358\" data-end=\"3427\">\n<p data-start=\"3360\" data-end=\"3427\">Torne-se um apoiador mensal e ajude a manter a\u00e7\u00f5es como essa vivas.<\/p>\n<\/li>\n<li data-start=\"3428\" data-end=\"3504\">\n<p data-start=\"3430\" data-end=\"3504\">Siga nosso Instagram para ver os bastidores das entregas e novos projetos.<\/p>\n<\/li>\n<\/ul>\n<p data-start=\"3506\" data-end=\"3568\"><strong data-start=\"3506\" data-end=\"3568\">\ud83d\udc49 <a class=\"\" href=\"#\" rel=\"noopener\" data-start=\"3511\" data-end=\"3566\">Clique aqui para saber como doar ou ser volunt\u00e1rio<\/a><\/strong><\/p>\n<hr data-start=\"3570\" data-end=\"3573\" \/>\n","protected":false},"excerpt":{"rendered":"<p>Mutir\u00e3o da Esperan\u00e7a: como entregamos mais de 500 cestas b\u00e1sicas em comunidades vulner\u00e1veis \u201cQuando a solidariedade se junta \u00e0 a\u00e7\u00e3o, ningu\u00e9m passa fome.\u201d O que foi o Mutir\u00e3o da Esperan\u00e7a? No m\u00eas de abril, o Instituto Jonathan Rigueira organizou o Mutir\u00e3o da Esperan\u00e7a, uma grande mobiliza\u00e7\u00e3o social com objetivo de combater a fome em comunidades [&hellip;]<\/p>\n","protected":false},"author":1,"featured_media":2049,"comment_status":"open","ping_status":"open","sticky":false,"template":"","format":"standard","meta":{"footnotes":""},"categories":[59],"tags":[],"class_list":["post-1894","post","type-post","status-publish","format-standard","has-post-thumbnail","hentry","category-acao-social-e-saude"],"views":2,"_links":{"self":[{"href":"https:\/\/institutojr.ong.br\/index.php\/wp-json\/wp\/v2\/posts\/1894","targetHints":{"allow":["GET"]}}],"collection":[{"href":"https:\/\/institutojr.ong.br\/index.php\/wp-json\/wp\/v2\/posts"}],"about":[{"href":"https:\/\/institutojr.ong.br\/index.php\/wp-json\/wp\/v2\/types\/post"}],"author":[{"embeddable":true,"href":"https:\/\/institutojr.ong.br\/index.php\/wp-json\/wp\/v2\/users\/1"}],"replies":[{"embeddable":true,"href":"https:\/\/institutojr.ong.br\/index.php\/wp-json\/wp\/v2\/comments?post=1894"}],"version-history":[{"count":1,"href":"https:\/\/institutojr.ong.br\/index.php\/wp-json\/wp\/v2\/posts\/1894\/revisions"}],"predecessor-version":[{"id":1896,"href":"https:\/\/institutojr.ong.br\/index.php\/wp-json\/wp\/v2\/posts\/1894\/revisions\/1896"}],"wp:featuredmedia":[{"embeddable":true,"href":"https:\/\/institutojr.ong.br\/index.php\/wp-json\/wp\/v2\/media\/2049"}],"wp:attachment":[{"href":"https:\/\/institutojr.ong.br\/index.php\/wp-json\/wp\/v2\/media?parent=1894"}],"wp:term":[{"taxonomy":"category","embeddable":true,"href":"https:\/\/institutojr.ong.br\/index.php\/wp-json\/wp\/v2\/categories?post=1894"},{"taxonomy":"post_tag","embeddable":true,"href":"https:\/\/institutojr.ong.br\/index.php\/wp-json\/wp\/v2\/tags?post=1894"}],"curies":[{"name":"wp","href":"https:\/\/api.w.org\/{rel}","templated":true}]}}